{"id":13045,"date":"2017-03-24T10:40:03","date_gmt":"2017-03-24T15:40:03","guid":{"rendered":"http:\/\/www.biblia.work\/noticias\/ecuador-celebra-ciento-cuarenta-y-tres-anos-de-su-consagracion-al-corazon-de-jesus\/"},"modified":"2017-03-24T10:40:03","modified_gmt":"2017-03-24T15:40:03","slug":"ecuador-celebra-ciento-cuarenta-y-tres-anos-de-su-consagracion-al-corazon-de-jesus","status":"publish","type":"post","link":"https:\/\/www.biblia.work\/noticias\/ecuador-celebra-ciento-cuarenta-y-tres-anos-de-su-consagracion-al-corazon-de-jesus\/","title":{"rendered":"Ecuador celebra ciento cuarenta y tres a\u00f1os de su consagraci\u00f3n al Coraz\u00f3n de Jes\u00fas"},"content":{"rendered":"<p> <img src='http:\/\/media02.radiovaticana.va\/photo\/2017\/03\/24\/REUTERS2049356_Thumbnail.JPG' alt='' align='left' hspace='5'> <\/p>\n<p>(RV).- Este viernes, 24 de marzo, el Santo Padre recibi&oacute; en Audiencia en el Palacio Apost&oacute;lico Vaticano al Presidente de la Rep&uacute;blica de Fiji, el Sr. Jioji Konousi Konrote, que a continuaci&oacute;n se encontr&oacute; con el Cardenal Pietro Parolin, Secretario de Estado, acompa&ntilde;ado por Mons. Paul Richard Gallagher, Secretario para las Relaciones con los Estados.<\/p>\n<p>Durante las conversaciones cordiales, se constataron las buenas relaciones existentes entre la Santa Sede y las Fiji y la contribuci&oacute;n de la Iglesia cat&oacute;lica a la vida del pa&iacute;s. A continuaci&oacute;n, se abord&oacute; la cuesti&oacute;n del cambio clim&aacute;tico y sobre todo su dimensi&oacute;n &eacute;tica, que reclama a la solidaridad hacia los grupos sociales y los pa&iacute;ses m&aacute;s vulnerables, as&iacute; como hacia las nuevas generaciones.<\/p>\n<p>Finalmente, se habl&oacute; de la cooperaci&oacute;n de las Fuerzas Armadas de Fiji en las misiones de paz de las Naciones Unidas en diferentes partes del mundo.<\/p>\n<p>(Renato Martinez &ndash; Radio Vaticano)<\/p>\n<p><a href=\"http:\/\/es.radiovaticana.va\" target=\"_blank\" rel=\"nofollow\">Fuente: es.radiovaticana.va<\/a><\/p>\n","protected":false},"excerpt":{"rendered":"<p>(RV).- Este viernes, 24 de marzo, el Santo Padre recibi&oacute; en Audiencia en el Palacio Apost&oacute;lico Vaticano al Presidente de la Rep&uacute;blica de Fiji, el Sr. Jioji Konousi Konrote, que a continuaci&oacute;n se encontr&oacute; con el Cardenal Pietro Parolin, Secretario de Estado, acompa&ntilde;ado por Mons. Paul Richard Gallagher, Secretario para las Relaciones con los Estados. &hellip; <a href=\"https:\/\/www.biblia.work\/noticias\/ecuador-celebra-ciento-cuarenta-y-tres-anos-de-su-consagracion-al-corazon-de-jesus\/\" class=\"more-link\">Continuar leyendo<span class=\"screen-reader-text\"> \u00abEcuador celebra ciento cuarenta y tres a\u00f1os de su consagraci\u00f3n al Coraz\u00f3n de Jes\u00fas\u00bb<\/span><\/a><\/p>\n","protected":false},"author":1,"featured_media":0,"comment_status":"open","ping_status":"closed","sticky":false,"template":"","format":"standard","meta":{"footnotes":""},"categories":[1],"tags":[],"class_list":["post-13045","post","type-post","status-publish","format-standard","hentry","category-general"],"_links":{"self":[{"href":"https:\/\/www.biblia.work\/noticias\/wp-json\/wp\/v2\/posts\/13045","targetHints":{"allow":["GET"]}}],"collection":[{"href":"https:\/\/www.biblia.work\/noticias\/wp-json\/wp\/v2\/posts"}],"about":[{"href":"https:\/\/www.biblia.work\/noticias\/wp-json\/wp\/v2\/types\/post"}],"author":[{"embeddable":true,"href":"https:\/\/www.biblia.work\/noticias\/wp-json\/wp\/v2\/users\/1"}],"replies":[{"embeddable":true,"href":"https:\/\/www.biblia.work\/noticias\/wp-json\/wp\/v2\/comments?post=13045"}],"version-history":[{"count":0,"href":"https:\/\/www.biblia.work\/noticias\/wp-json\/wp\/v2\/posts\/13045\/revisions"}],"wp:attachment":[{"href":"https:\/\/www.biblia.work\/noticias\/wp-json\/wp\/v2\/media?parent=13045"}],"wp:term":[{"taxonomy":"category","embeddable":true,"href":"https:\/\/www.biblia.work\/noticias\/wp-json\/wp\/v2\/categories?post=13045"},{"taxonomy":"post_tag","embeddable":true,"href":"https:\/\/www.biblia.work\/noticias\/wp-json\/wp\/v2\/tags?post=13045"}],"curies":[{"name":"wp","href":"https:\/\/api.w.org\/{rel}","templated":true}]}}