{"id":13051,"date":"2017-03-24T12:15:02","date_gmt":"2017-03-24T17:15:02","guid":{"rendered":"http:\/\/www.biblia.work\/noticias\/inundaciones-en-peru-el-santo-padre-dispone-una-donacion-de-100-mil-euros\/"},"modified":"2017-03-24T12:15:02","modified_gmt":"2017-03-24T17:15:02","slug":"inundaciones-en-peru-el-santo-padre-dispone-una-donacion-de-100-mil-euros","status":"publish","type":"post","link":"https:\/\/www.biblia.work\/noticias\/inundaciones-en-peru-el-santo-padre-dispone-una-donacion-de-100-mil-euros\/","title":{"rendered":"Inundaciones en Per\u00fa, el Santo Padre dispone una donaci\u00f3n de 100 mil euros"},"content":{"rendered":"<p style=\"text-align: justify\">&nbsp;<\/p>\n<p style=\"text-align: justify\">(ZENIT \u2013 Roma).- La Conferencia Episcopal Peruana agradeci\u00f3 al papa Francisco por su oraci\u00f3n y su cercan\u00eda a las poblaciones afectadas pro las recientes inundaciones, que dejaron un saldo provisorio de unos 84 muertos y miles de damnificados.<\/p>\n<p style=\"text-align: justify\">En un comunicado publicado en la web de los obispos indican que \u201cel Papa Francisco, quien or\u00f3 por el Per\u00fa en el \u00c1ngelus del pasado domingo en Roma, ha enviado, como expresi\u00f3n de su cari\u00f1o y cercan\u00eda con los damnificados de nuestro pueblo, desde el Dicasterio para el Servicio del Desarrollo Humano Integral, una ayuda econ\u00f3mica de $100,000. (Cien mil d\u00f3lares), que ser\u00e1 entregada a la Conferencia Episcopal Peruana, para ser aplicada por medio de Caritas del Per\u00fa\u201d.<\/p>\n<p style=\"text-align: justify\">Los obispos califican el gesto del sucesor del Pedro como \u201csignificativo\u201d y de \u201cpreocupaci\u00f3n paternal\u201d, y precisan que \u201cel Papa Francisco acompa\u00f1a el dolor de miles de hermanos que sufren a consecuencia de los embates de la naturaleza\u201d.<\/p>\n<p style=\"text-align: justify\">\u201cEl compromiso de la Iglesia Cat\u00f3lica en este dif\u00edcil momento -aseguran- se est\u00e1 expresando con el servicio que brindan las parroquias de las Di\u00f3cesis afectadas y con la solidaridad de la Colecta Nacional que la Conferencia Episcopal ha pedido a todos los cat\u00f3licos del Per\u00fa\u201d.<\/p>\n<p style=\"text-align: justify\">\u201cLa Conferencia Episcopal Peruana -concluye el comunicado- a nombre de todos los peruanos y especialmente de los damnificados, agradece al Papa Francisco por su oraci\u00f3n y por su gesto de cercan\u00eda efectiva para con los que sufren y necesitan de nuestra solidaridad\u201d.<\/p>\n<p><span class=\"et_bloom_bottom_trigger\"><\/span><\/p>\n<p><a href=\"https:\/\/es.zenit.org\/\" target=\"_blank\" rel=\"nofollow\">Fuente: es.zenit.org<\/a><\/p>\n","protected":false},"excerpt":{"rendered":"<p>&nbsp; (ZENIT \u2013 Roma).- La Conferencia Episcopal Peruana agradeci\u00f3 al papa Francisco por su oraci\u00f3n y su cercan\u00eda a las poblaciones afectadas pro las recientes inundaciones, que dejaron un saldo provisorio de unos 84 muertos y miles de damnificados. En un comunicado publicado en la web de los obispos indican que \u201cel Papa Francisco, quien &hellip; <a href=\"https:\/\/www.biblia.work\/noticias\/inundaciones-en-peru-el-santo-padre-dispone-una-donacion-de-100-mil-euros\/\" class=\"more-link\">Continuar leyendo<span class=\"screen-reader-text\"> \u00abInundaciones en Per\u00fa, el Santo Padre dispone una donaci\u00f3n de 100 mil euros\u00bb<\/span><\/a><\/p>\n","protected":false},"author":1,"featured_media":0,"comment_status":"open","ping_status":"closed","sticky":false,"template":"","format":"standard","meta":{"footnotes":""},"categories":[1],"tags":[],"class_list":["post-13051","post","type-post","status-publish","format-standard","hentry","category-general"],"_links":{"self":[{"href":"https:\/\/www.biblia.work\/noticias\/wp-json\/wp\/v2\/posts\/13051","targetHints":{"allow":["GET"]}}],"collection":[{"href":"https:\/\/www.biblia.work\/noticias\/wp-json\/wp\/v2\/posts"}],"about":[{"href":"https:\/\/www.biblia.work\/noticias\/wp-json\/wp\/v2\/types\/post"}],"author":[{"embeddable":true,"href":"https:\/\/www.biblia.work\/noticias\/wp-json\/wp\/v2\/users\/1"}],"replies":[{"embeddable":true,"href":"https:\/\/www.biblia.work\/noticias\/wp-json\/wp\/v2\/comments?post=13051"}],"version-history":[{"count":0,"href":"https:\/\/www.biblia.work\/noticias\/wp-json\/wp\/v2\/posts\/13051\/revisions"}],"wp:attachment":[{"href":"https:\/\/www.biblia.work\/noticias\/wp-json\/wp\/v2\/media?parent=13051"}],"wp:term":[{"taxonomy":"category","embeddable":true,"href":"https:\/\/www.biblia.work\/noticias\/wp-json\/wp\/v2\/categories?post=13051"},{"taxonomy":"post_tag","embeddable":true,"href":"https:\/\/www.biblia.work\/noticias\/wp-json\/wp\/v2\/tags?post=13051"}],"curies":[{"name":"wp","href":"https:\/\/api.w.org\/{rel}","templated":true}]}}