{"id":13053,"date":"2017-03-24T13:05:02","date_gmt":"2017-03-24T18:05:02","guid":{"rendered":"http:\/\/www.biblia.work\/noticias\/el-papa-francisco-envia-ayuda-economica-a-los-damnificados-de-peru\/"},"modified":"2017-03-24T13:05:02","modified_gmt":"2017-03-24T18:05:02","slug":"el-papa-francisco-envia-ayuda-economica-a-los-damnificados-de-peru","status":"publish","type":"post","link":"https:\/\/www.biblia.work\/noticias\/el-papa-francisco-envia-ayuda-economica-a-los-damnificados-de-peru\/","title":{"rendered":"El Papa Francisco env\u00eda ayuda econ\u00f3mica a los damnificados de Per\u00fa"},"content":{"rendered":"<p> VATICANO, 24 Mar. 17 (ACI).-<br \/>\n\tEl Papa Francisco, quien or&oacute; por el Per&uacute; en el &Aacute;ngelus del pasado domingo en Roma, envi&oacute; como expresi&oacute;n de cari&ntilde;o y cercan&iacute;a a los damnificados de las lluvias e inundaciones una ayuda econ&oacute;mica de 100.000 d&oacute;lares.<\/p>\n<p style=\"text-align: justify\">\n\tEl dinero, proveniente del Dicasterio para el Servicio del Desarrollo Humano Integral, ser&aacute; entregado en la brevedad a la Conferencia Episcopal Peruana (CEP), y &eacute;sta a su vez la destinar&aacute; a C&aacute;ritas del Per&uacute;.<\/p>\n<p style=\"text-align: justify\">\n\t&ldquo;Con este significativo gesto de preocupaci&oacute;n paternal, el Papa Francisco acompa&ntilde;a el dolor de miles de hermanos que sufren a consecuencia de los embates de la naturaleza&rdquo;, apunt&oacute; la CEP.<\/p>\n<p style=\"text-align: justify\">\n\tAsimismo, los obispos indicaron que &ldquo;el compromiso de la Iglesia Cat&oacute;lica en este dif&iacute;cil momento se est&aacute; expresando con el servicio que brindan las parroquias de las di&oacute;cesis afectadas y con la solidaridad de la Colecta Nacional que la Conferencia Episcopal ha pedido a todos los cat&oacute;licos del Per&uacute;&rdquo;.<\/p>\n<p style=\"text-align: justify\">\n\tFinalmente, la CEC agradeci&oacute; al Papa Francisco &ldquo;por su oraci&oacute;n y por su gesto de cercan&iacute;a efectiva para con los que sufren y necesitan de nuestra solidaridad&rdquo; a nombre de todos los peruanos y especialmente de los damnificados.<\/p>\n<p style=\"text-align: justify\">\n\tA la fecha, 84 personas han fallecido y otras 111.098 han quedado damnificadas seg&uacute;n el &uacute;ltimo reporte del Centro de Operaciones de Emergencia Nacional (COEN).<\/p>\n<p style=\"text-align: justify\">\n\tTambi&eacute;n te puede interesar:&nbsp;<\/p>\n<p style=\"text-align: justify\">\n\t\tCardenal Cipriani convoca a Jornada de oraci&oacute;n y caridad por damnificados de Per&uacute; https:\/\/t.co\/xZDJ4sFLPR<\/p>\n<p>\t&mdash; ACI Prensa (@aciprensa) 24 de marzo de 2017<\/p>\n<p style=\"text-align: justify\">\n\t&nbsp;<\/p>\n","protected":false},"excerpt":{"rendered":"<p>VATICANO, 24 Mar. 17 (ACI).- El Papa Francisco, quien or&oacute; por el Per&uacute; en el &Aacute;ngelus del pasado domingo en Roma, envi&oacute; como expresi&oacute;n de cari&ntilde;o y cercan&iacute;a a los damnificados de las lluvias e inundaciones una ayuda econ&oacute;mica de 100.000 d&oacute;lares. El dinero, proveniente del Dicasterio para el Servicio del Desarrollo Humano Integral, ser&aacute; &hellip; <a href=\"https:\/\/www.biblia.work\/noticias\/el-papa-francisco-envia-ayuda-economica-a-los-damnificados-de-peru\/\" class=\"more-link\">Continuar leyendo<span class=\"screen-reader-text\"> \u00abEl Papa Francisco env\u00eda ayuda econ\u00f3mica a los damnificados de Per\u00fa\u00bb<\/span><\/a><\/p>\n","protected":false},"author":1,"featured_media":0,"comment_status":"open","ping_status":"closed","sticky":false,"template":"","format":"standard","meta":{"footnotes":""},"categories":[1],"tags":[],"class_list":["post-13053","post","type-post","status-publish","format-standard","hentry","category-general"],"_links":{"self":[{"href":"https:\/\/www.biblia.work\/noticias\/wp-json\/wp\/v2\/posts\/13053","targetHints":{"allow":["GET"]}}],"collection":[{"href":"https:\/\/www.biblia.work\/noticias\/wp-json\/wp\/v2\/posts"}],"about":[{"href":"https:\/\/www.biblia.work\/noticias\/wp-json\/wp\/v2\/types\/post"}],"author":[{"embeddable":true,"href":"https:\/\/www.biblia.work\/noticias\/wp-json\/wp\/v2\/users\/1"}],"replies":[{"embeddable":true,"href":"https:\/\/www.biblia.work\/noticias\/wp-json\/wp\/v2\/comments?post=13053"}],"version-history":[{"count":0,"href":"https:\/\/www.biblia.work\/noticias\/wp-json\/wp\/v2\/posts\/13053\/revisions"}],"wp:attachment":[{"href":"https:\/\/www.biblia.work\/noticias\/wp-json\/wp\/v2\/media?parent=13053"}],"wp:term":[{"taxonomy":"category","embeddable":true,"href":"https:\/\/www.biblia.work\/noticias\/wp-json\/wp\/v2\/categories?post=13053"},{"taxonomy":"post_tag","embeddable":true,"href":"https:\/\/www.biblia.work\/noticias\/wp-json\/wp\/v2\/tags?post=13053"}],"curies":[{"name":"wp","href":"https:\/\/api.w.org\/{rel}","templated":true}]}}