{"id":13055,"date":"2017-03-24T13:15:02","date_gmt":"2017-03-24T18:15:02","guid":{"rendered":"http:\/\/www.biblia.work\/noticias\/el-santo-padre-indica-a-los-lideres-europeos-los-pilares-identificativos-para-un-camino-de-esperanza\/"},"modified":"2017-03-24T13:15:02","modified_gmt":"2017-03-24T18:15:02","slug":"el-santo-padre-indica-a-los-lideres-europeos-los-pilares-identificativos-para-un-camino-de-esperanza","status":"publish","type":"post","link":"https:\/\/www.biblia.work\/noticias\/el-santo-padre-indica-a-los-lideres-europeos-los-pilares-identificativos-para-un-camino-de-esperanza\/","title":{"rendered":"El Santo Padre indica a los l\u00edderes europeos los pilares identificativos para un camino de esperanza"},"content":{"rendered":"<p style=\"text-align: justify\">(ZENIT &#8211; Ciudad del Vaticano, 23 Mar. 2017).- Los pilares de la construcci\u00f3n europea hace 60 a\u00f1os, son los hitos para trazar su futuro y un camino de esperanza, indic\u00f3 el papa Francisco que adem\u00e1s se\u00f1al\u00f3: \u201cla centralidad del hombre, una solidaridad efectiva, la apertura al mundo, la continuaci\u00f3n del paz y del desarrollo, la apertura al futuro\u201d.<\/p>\n<p style=\"text-align: justify\">Sus palabras fueron este viernes en el Vaticano, al recibir a los responsables europeos con ocasi\u00f3n del 60 aniversario de la firma de los Tratados de Roma, el 25 de marzo de 1957.<\/p>\n<p style=\"text-align: justify\">Es la cuarta vez en cuatro a\u00f1os de pontificado que el papa Francisco ofrece una visi\u00f3n sobre el futuro de Europa, la primera vez en el discurso en Estrasburgo, el 25 de noviembre de 2014; siguiendo por el realizado al Parlamento y al Consejo de Europa; y al recibir el 6 de mayo de 2016 el premio Carlomagno.<\/p>\n<p style=\"text-align: justify\">El Papa ha evocado a los \u201cPadres de Europa e invitado a los europeos a dejarse \u201cprovocar por sus palabras, por la actualidad de sus pensamientos, por el involucrarse apasionadamente por el bien com\u00fan que los ha caracterizado, por la seguridad de hacer parte de una obra m\u00e1s grande que sus personas y por el gran ideal que les ha animado\u201d.<\/p>\n<p style=\"text-align: justify\">&#8220;Su denominador com\u00fan ha sido el espiritu de servicio, unido a la pasi\u00f3n pol\u00edtica y a la consciencia de que \u201cen el origen de esta civilizaci\u00f3n europea se encuentra el cristianismo\u201d, sin el cual los valores occidentales de dignidad, libertad y justicia se vuelven completamente incomprensibles\u201d, afirm\u00f3 claramente el Papa.<\/p>\n<p style=\"text-align: justify\">El Pont\u00edfice ha planteado el tema del futuro, teniendo como fondo de cuadro la crisis: \u201c\u00bfCu\u00e1l es la llave de interpretaci\u00f3n con la cual podemos leer las dificultades del presente y encontrar respuesta para el futuro? El recuerdo del pensamiento de los padres ser\u00eda de hecho est\u00e9ril, si no sirviera para indicarnos un camino\u201d y una \u201cfuente de esperanza\u201d. Y ha se\u00f1alado para Europa un camino \u201cde esperanza\u201d a partir de los \u201cpilares\u201d identificativos.<\/p>\n<p style=\"text-align: justify\">El Papa recibi\u00f3 a 27 jefes de Estado y de gobierno de la Uni\u00f3n Europea y a sus delegaciones en la Sala Regia del palacio apost\u00f3lico del Vaticano, en presencia de representantes de las instituciones europeas.<\/p>\n<p><span class=\"et_bloom_bottom_trigger\"><\/span><\/p>\n<p><a href=\"https:\/\/es.zenit.org\/\" target=\"_blank\" rel=\"nofollow\">Fuente: es.zenit.org<\/a><\/p>\n","protected":false},"excerpt":{"rendered":"<p>(ZENIT &#8211; Ciudad del Vaticano, 23 Mar. 2017).- Los pilares de la construcci\u00f3n europea hace 60 a\u00f1os, son los hitos para trazar su futuro y un camino de esperanza, indic\u00f3 el papa Francisco que adem\u00e1s se\u00f1al\u00f3: \u201cla centralidad del hombre, una solidaridad efectiva, la apertura al mundo, la continuaci\u00f3n del paz y del desarrollo, la &hellip; <a href=\"https:\/\/www.biblia.work\/noticias\/el-santo-padre-indica-a-los-lideres-europeos-los-pilares-identificativos-para-un-camino-de-esperanza\/\" class=\"more-link\">Continuar leyendo<span class=\"screen-reader-text\"> \u00abEl Santo Padre indica a los l\u00edderes europeos los pilares identificativos para un camino de esperanza\u00bb<\/span><\/a><\/p>\n","protected":false},"author":1,"featured_media":0,"comment_status":"open","ping_status":"closed","sticky":false,"template":"","format":"standard","meta":{"footnotes":""},"categories":[1],"tags":[],"class_list":["post-13055","post","type-post","status-publish","format-standard","hentry","category-general"],"_links":{"self":[{"href":"https:\/\/www.biblia.work\/noticias\/wp-json\/wp\/v2\/posts\/13055","targetHints":{"allow":["GET"]}}],"collection":[{"href":"https:\/\/www.biblia.work\/noticias\/wp-json\/wp\/v2\/posts"}],"about":[{"href":"https:\/\/www.biblia.work\/noticias\/wp-json\/wp\/v2\/types\/post"}],"author":[{"embeddable":true,"href":"https:\/\/www.biblia.work\/noticias\/wp-json\/wp\/v2\/users\/1"}],"replies":[{"embeddable":true,"href":"https:\/\/www.biblia.work\/noticias\/wp-json\/wp\/v2\/comments?post=13055"}],"version-history":[{"count":0,"href":"https:\/\/www.biblia.work\/noticias\/wp-json\/wp\/v2\/posts\/13055\/revisions"}],"wp:attachment":[{"href":"https:\/\/www.biblia.work\/noticias\/wp-json\/wp\/v2\/media?parent=13055"}],"wp:term":[{"taxonomy":"category","embeddable":true,"href":"https:\/\/www.biblia.work\/noticias\/wp-json\/wp\/v2\/categories?post=13055"},{"taxonomy":"post_tag","embeddable":true,"href":"https:\/\/www.biblia.work\/noticias\/wp-json\/wp\/v2\/tags?post=13055"}],"curies":[{"name":"wp","href":"https:\/\/api.w.org\/{rel}","templated":true}]}}