{"id":13058,"date":"2017-03-24T16:05:02","date_gmt":"2017-03-24T21:05:02","guid":{"rendered":"http:\/\/www.biblia.work\/noticias\/beato-romero-inspiro-la-jornada-de-oracion-y-ayuno-por-los-misioneros-martires\/"},"modified":"2017-03-24T16:05:02","modified_gmt":"2017-03-24T21:05:02","slug":"beato-romero-inspiro-la-jornada-de-oracion-y-ayuno-por-los-misioneros-martires","status":"publish","type":"post","link":"https:\/\/www.biblia.work\/noticias\/beato-romero-inspiro-la-jornada-de-oracion-y-ayuno-por-los-misioneros-martires\/","title":{"rendered":"Beato Romero inspir\u00f3 la Jornada de oraci\u00f3n y ayuno por los Misioneros M\u00e1rtires"},"content":{"rendered":"<p> ROMA, 24 Mar. 17 (ACI).-<br \/>\n\tLa Jornada de oraci&oacute;n y ayuno por los Misioneros M&aacute;rtires, que se celebra cada 24 de marzo, tom&oacute; la fecha del asesinato del Arzobispo de San Salvador (El Salvador), Beato &Oacute;scar Arnulfo Romero.<\/p>\n<p style=\"text-align: justify\">\n\tSeg&uacute;n inform&oacute; Radio Vaticana, el Movimiento de J&oacute;venes de las Obras Misionales Pontificias de Italia eligi&oacute; esta fecha en memoria de la muerte de Mons. Romero, asesinado el 24 de marzo de 1980 en San Salvador, y beatificado el 23 de mayo de 2015.<\/p>\n<p style=\"text-align: justify\">\n\tLa Jornada se celebra en varios pa&iacute;ses, promovida por las di&oacute;cesis, instituciones religiosas y misioneros.<\/p>\n<p style=\"text-align: justify\">\n\tEl P. Luca Pandolfi, sacerdote de la Di&oacute;cesis de Roma y Director del Centro de Comunicaciones Sociales de la Pontificia Universidad Urbaniana, se&ntilde;al&oacute; que esta fecha &ldquo;es un momento para detenerse y reflexionar sobre la situaci&oacute;n de tantos hermanos y hermanas que dan testimonio con sus vidas de la llamada que recibieron del Se&ntilde;or Jes&uacute;s y de su Evangelio&rdquo;.<\/p>\n<p style=\"text-align: justify\">\n\tEste a&ntilde;o, la Jornada anima a tener un gesto de solidaridad, espiritual y material, para Siria, que ha sufrido a&ntilde;os de guerra.<\/p>\n<p style=\"text-align: justify\">\n\tTambi&eacute;n se prepar&oacute; un texto para un Via Crucis inspirado en la enc&iacute;clica Laudato Si&rsquo;, del Papa Francisco, y en memoria de los m&aacute;rtires misioneros.<\/p>\n<p style=\"text-align: justify\">\n\tTambi&eacute;n te puede interesar:<\/p>\n<p style=\"text-align: justify\">\n\t\tLegado del Beato Mons. &Oacute;scar Romero inspira original proyecto solidario en El Salvador https:\/\/t.co\/6UKmL10HZH<\/p>\n<p>\t&mdash; ACI Prensa (@aciprensa) 23 de marzo de 2017<\/p>\n","protected":false},"excerpt":{"rendered":"<p>ROMA, 24 Mar. 17 (ACI).- La Jornada de oraci&oacute;n y ayuno por los Misioneros M&aacute;rtires, que se celebra cada 24 de marzo, tom&oacute; la fecha del asesinato del Arzobispo de San Salvador (El Salvador), Beato &Oacute;scar Arnulfo Romero. Seg&uacute;n inform&oacute; Radio Vaticana, el Movimiento de J&oacute;venes de las Obras Misionales Pontificias de Italia eligi&oacute; esta &hellip; <a href=\"https:\/\/www.biblia.work\/noticias\/beato-romero-inspiro-la-jornada-de-oracion-y-ayuno-por-los-misioneros-martires\/\" class=\"more-link\">Continuar leyendo<span class=\"screen-reader-text\"> \u00abBeato Romero inspir\u00f3 la Jornada de oraci\u00f3n y ayuno por los Misioneros M\u00e1rtires\u00bb<\/span><\/a><\/p>\n","protected":false},"author":1,"featured_media":0,"comment_status":"open","ping_status":"closed","sticky":false,"template":"","format":"standard","meta":{"footnotes":""},"categories":[1],"tags":[],"class_list":["post-13058","post","type-post","status-publish","format-standard","hentry","category-general"],"_links":{"self":[{"href":"https:\/\/www.biblia.work\/noticias\/wp-json\/wp\/v2\/posts\/13058","targetHints":{"allow":["GET"]}}],"collection":[{"href":"https:\/\/www.biblia.work\/noticias\/wp-json\/wp\/v2\/posts"}],"about":[{"href":"https:\/\/www.biblia.work\/noticias\/wp-json\/wp\/v2\/types\/post"}],"author":[{"embeddable":true,"href":"https:\/\/www.biblia.work\/noticias\/wp-json\/wp\/v2\/users\/1"}],"replies":[{"embeddable":true,"href":"https:\/\/www.biblia.work\/noticias\/wp-json\/wp\/v2\/comments?post=13058"}],"version-history":[{"count":0,"href":"https:\/\/www.biblia.work\/noticias\/wp-json\/wp\/v2\/posts\/13058\/revisions"}],"wp:attachment":[{"href":"https:\/\/www.biblia.work\/noticias\/wp-json\/wp\/v2\/media?parent=13058"}],"wp:term":[{"taxonomy":"category","embeddable":true,"href":"https:\/\/www.biblia.work\/noticias\/wp-json\/wp\/v2\/categories?post=13058"},{"taxonomy":"post_tag","embeddable":true,"href":"https:\/\/www.biblia.work\/noticias\/wp-json\/wp\/v2\/tags?post=13058"}],"curies":[{"name":"wp","href":"https:\/\/api.w.org\/{rel}","templated":true}]}}