{"id":13061,"date":"2017-03-24T18:05:03","date_gmt":"2017-03-24T23:05:03","guid":{"rendered":"http:\/\/www.biblia.work\/noticias\/asi-se-motiva-chile-para-celebrar-el-dia-del-nino-que-esta-por-nacer\/"},"modified":"2017-03-24T18:05:03","modified_gmt":"2017-03-24T23:05:03","slug":"asi-se-motiva-chile-para-celebrar-el-dia-del-nino-que-esta-por-nacer","status":"publish","type":"post","link":"https:\/\/www.biblia.work\/noticias\/asi-se-motiva-chile-para-celebrar-el-dia-del-nino-que-esta-por-nacer\/","title":{"rendered":"As\u00ed se motiva Chile para celebrar el D\u00eda del Ni\u00f1o que est\u00e1 por nacer"},"content":{"rendered":"<p> SANTIAGO, 24 Mar. 17 (ACI).-<br \/>\n\tA horas de que se celebre ma&ntilde;ana internacionalmente el D&iacute;a del Ni&ntilde;o por nacer, en Chile se est&aacute; motivando la participaci&oacute;n de las personas a trav&eacute;s de distintos video-mensajes de famosos para que las calles en todo el pa&iacute;s se ti&ntilde;an de color y alegr&iacute;a en esta jornada de esperanza.<\/p>\n<p style=\"text-align: justify\">\n\tLa conmemoraci&oacute;n del Ni&ntilde;o que est&aacute; por nacer se enmarca en la fiesta lit&uacute;rgica de La Anunciaci&oacute;n de Mar&iacute;a, por lo que la Iglesia Cat&oacute;lica junto a otras confesiones religiosas y organizaciones civiles, trabajan en conjunto por la marcha provida en 13 regiones.<\/p>\n<p style=\"text-align: justify\">\n\tArtistas, deportistas, pol&iacute;ticos, obispos, entre otros conocidos de la cultura local se sumaron a los saludos para motivar la manifestaci&oacute;n a nivel nacional en rechazo al proyecto de ley de aborto que est&aacute; en discusi&oacute;n en el Senado.<\/p>\n<p style=\"text-align: justify\">\n\tUno de esos saludos es el de la presidenta de la Marcha por la Vida en Washington DC, Jeanne Mancini, quien explic&oacute; que ellos marchan desde 1974 y lo hacen porque &ldquo;nuestro objetivo es construir una cultura en que la que cada vida sea protegida y defendida y que el aborto sea impensable&rdquo;.<\/p>\n<p style=\"text-align: justify\">\n\t&ldquo;Aplaudimos vuestros esfuerzos en Chile (&#8230;). Nuestros mejores deseos y oramos para que la cultura de la vida pronto exista en el mundo entero&rdquo;, agreg&oacute;.<\/p>\n<p style=\"text-align: justify\">\n\t&nbsp;<\/p>\n<p style=\"text-align: justify\">\n\t\tLa presidenta de Marcha Por La Vida EE.UU. nos saluda.<br \/>\n\t\tJuntos, estamos construyendo una cultura de la vida!<br \/>\n\t\tNos vemos el 25\/03#XLaVida pic.twitter.com\/7rp9fsKREP<\/p>\n<p>\t&mdash; ChileMarchaPorLaVida (@CLMarchaXlaVida) 18 de marzo de 2017<\/p>\n<p style=\"text-align: justify\">\n\t&nbsp;<\/p>\n<p style=\"text-align: justify\">\n\tAl sur del pa&iacute;s, el Obispo de la Di&oacute;cesis de Villarrica, Mons. Francisco Javier Stegmeier, invit&oacute; a&nbsp;la cuarta versi&oacute;n que realizan de la manifestaci&oacute;n denominada &ldquo;Yo marcho por la vida&rdquo; y dijo: &ldquo;&iexcl;Que no falte nadie! El Se&ntilde;or nos pide que seamos miles quienes saquemos la voz por los ni&ntilde;os en peligro de ser abortados&rdquo;.<\/p>\n<p style=\"text-align: justify\">\n\t&ldquo;Si ellos pudiesen gritar desde el vientre de su madre, se escuchar&iacute;a en toda la tierra su s&uacute;plica de que se les d&eacute; la oportunidad de nacer. Y si pudi&eacute;semos escuchar los gritos de todos los ni&ntilde;os en el momento de ser abortados, quedar&iacute;amos todos paralizados de estupor, porque nos transmitir&iacute;an sus sentimientos de terror, impotencia e inocente dolor&rdquo;, agreg&oacute;.<\/p>\n<p style=\"text-align: justify\">\n\t&ldquo;Frente al desenfreno de los abortistas que usan todos los medios a su alcance, incluso la mentira, para aprobar una ley que matar&aacute; a cientos de miles de ni&ntilde;os, no tenemos excusas para inhibirnos y quedarnos pasivos&rdquo;, manifest&oacute;.<\/p>\n<p style=\"text-align: justify\">\n\tEn tanto, el Arzobispo de Santiago, Cardenal Ricardo Ezzati, motiv&oacute; a &ldquo;las personas que aman la vida&rdquo; a adherir con su participaci&oacute;n a &ldquo;la vida que el Se&ntilde;or regala. Est&aacute;n todos invitados a participar, expresi&oacute;n que es de civilidad y tambi&eacute;n expresi&oacute;n de fe&rdquo;.<\/p>\n<p style=\"text-align: justify\">\n<p style=\"text-align: justify\">\n\tEn la Di&oacute;cesis de Linares, el Obispo Tomislav Koljatic, expres&oacute; en conferencia de prensa que la actividad &ldquo;ser&aacute; una expresi&oacute;n de fe y compromiso para comprometernos con esos ni&ntilde;os y esas mam&aacute;s que pasan momentos dif&iacute;ciles, pero que deben saber que cuentan con muchas personas que quieren ayudarles para seguir adelante&rdquo;.<\/p>\n<p style=\"text-align: justify\">\n\tTambi&eacute;n, envi&oacute; su mensaje Vasco Moulian, conocido actor y director de televisi&oacute;n en Chile que ha comentado los duros meses que vivi&oacute; con su familia luego de que falleciera su hija de 4 meses, Mar&iacute;a Gracia, que naci&oacute; con Trisom&iacute;a 21 (S&iacute;ndrome de Down).<\/p>\n<p style=\"text-align: justify\">\n\t&nbsp;<\/p>\n<p style=\"text-align: justify\">\n\t\tcon su impactante testimonio @vmoulian nos invita a celebrar, porque &eacute;l tambi&eacute;n ama la VIDA!<br \/>\n\t\tmarchemos juntos el 25 de marzo! pic.twitter.com\/nOaGpPZPjM<\/p>\n<p>\t&mdash; ChileMarchaPorLaVida (@CLMarchaXlaVida) 15 de marzo de 2017<\/p>\n<p style=\"text-align: justify\">\n\t&nbsp;<\/p>\n<p style=\"text-align: justify\">\n\t&ldquo;A m&iacute; no me lo contaron, fui testigo de cu&aacute;ntas veces me ofrecieron abortar pero con mi familia, con mi se&ntilde;ora no tuvimos ni una duda en tener a nuestra Mar&iacute;a Gracia&rdquo;, manifest&oacute; Mouli&aacute;n.<\/p>\n<p style=\"text-align: justify\">\n\t&ldquo;Si ustedes me preguntan de nuevo yo no dudo en la vida, no dudo en esos meses que tuve a mi hija llena de amor, llena de vida. No se confundan, yo amo la vida. Es tiempo de jug&aacute;rsela por la vida, nos vemos el 25 de marzo. Yo creo estamos haciendo algo muy importante por nuestro pa&iacute;s&rdquo;, agreg&oacute;.<\/p>\n<p style=\"text-align: justify\">\n\tEncuentra m&aacute;s informaci&oacute;n de las actividades AQU&Iacute;<\/p>\n<p style=\"text-align: justify\">\n\tTambi&eacute;n te puede interesar:<\/p>\n<p style=\"text-align: justify\">\n\t&nbsp;<\/p>\n<p style=\"text-align: justify\">\n\t\tD&iacute;a del Ni&ntilde;o por Nacer: Estas son las celebraciones en algunos pa&iacute;ses de Sudam&eacute;rica https:\/\/t.co\/VIYWcKGtbb<\/p>\n<p>\t&mdash; ACI Prensa (@aciprensa) 21 de marzo de 2017<\/p>\n<p style=\"text-align: justify\">\n\t&nbsp;<\/p>\n<p style=\"text-align: justify\">\n\t&nbsp;<\/p>\n","protected":false},"excerpt":{"rendered":"<p>SANTIAGO, 24 Mar. 17 (ACI).- A horas de que se celebre ma&ntilde;ana internacionalmente el D&iacute;a del Ni&ntilde;o por nacer, en Chile se est&aacute; motivando la participaci&oacute;n de las personas a trav&eacute;s de distintos video-mensajes de famosos para que las calles en todo el pa&iacute;s se ti&ntilde;an de color y alegr&iacute;a en esta jornada de esperanza. &hellip; <a href=\"https:\/\/www.biblia.work\/noticias\/asi-se-motiva-chile-para-celebrar-el-dia-del-nino-que-esta-por-nacer\/\" class=\"more-link\">Continuar leyendo<span class=\"screen-reader-text\"> \u00abAs\u00ed se motiva Chile para celebrar el D\u00eda del Ni\u00f1o que est\u00e1 por nacer\u00bb<\/span><\/a><\/p>\n","protected":false},"author":1,"featured_media":0,"comment_status":"open","ping_status":"closed","sticky":false,"template":"","format":"standard","meta":{"footnotes":""},"categories":[1],"tags":[],"class_list":["post-13061","post","type-post","status-publish","format-standard","hentry","category-general"],"_links":{"self":[{"href":"https:\/\/www.biblia.work\/noticias\/wp-json\/wp\/v2\/posts\/13061","targetHints":{"allow":["GET"]}}],"collection":[{"href":"https:\/\/www.biblia.work\/noticias\/wp-json\/wp\/v2\/posts"}],"about":[{"href":"https:\/\/www.biblia.work\/noticias\/wp-json\/wp\/v2\/types\/post"}],"author":[{"embeddable":true,"href":"https:\/\/www.biblia.work\/noticias\/wp-json\/wp\/v2\/users\/1"}],"replies":[{"embeddable":true,"href":"https:\/\/www.biblia.work\/noticias\/wp-json\/wp\/v2\/comments?post=13061"}],"version-history":[{"count":0,"href":"https:\/\/www.biblia.work\/noticias\/wp-json\/wp\/v2\/posts\/13061\/revisions"}],"wp:attachment":[{"href":"https:\/\/www.biblia.work\/noticias\/wp-json\/wp\/v2\/media?parent=13061"}],"wp:term":[{"taxonomy":"category","embeddable":true,"href":"https:\/\/www.biblia.work\/noticias\/wp-json\/wp\/v2\/categories?post=13061"},{"taxonomy":"post_tag","embeddable":true,"href":"https:\/\/www.biblia.work\/noticias\/wp-json\/wp\/v2\/tags?post=13061"}],"curies":[{"name":"wp","href":"https:\/\/api.w.org\/{rel}","templated":true}]}}