{"id":13067,"date":"2017-03-24T23:05:02","date_gmt":"2017-03-25T04:05:02","guid":{"rendered":"http:\/\/www.biblia.work\/noticias\/celebraran-47-eventos-por-el-dia-del-nino-por-nacer-en-iberoamerica\/"},"modified":"2017-03-24T23:05:02","modified_gmt":"2017-03-25T04:05:02","slug":"celebraran-47-eventos-por-el-dia-del-nino-por-nacer-en-iberoamerica","status":"publish","type":"post","link":"https:\/\/www.biblia.work\/noticias\/celebraran-47-eventos-por-el-dia-del-nino-por-nacer-en-iberoamerica\/","title":{"rendered":"Celebrar\u00e1n 47 eventos por el D\u00eda del Ni\u00f1o por Nacer en Iberoam\u00e9rica"},"content":{"rendered":"<p> REDACCI\u00d3N CENTRAL, 24 Mar. 17 (ACI).-<br \/>\n\tAl menos 47 manifestaciones se realizar&aacute;n este 25 de marzo, D&iacute;a Internacional del Ni&ntilde;o por Nacer, en diversos pa&iacute;ses de Iberoam&eacute;rica.<\/p>\n<p style=\"text-align: justify\">\n\tEn una&nbsp;compilaci&oacute;n realizada por la plataforma internacional CitizenGO, 47 ciudades han informado actividades en esta fecha, en que la Iglesia Cat&oacute;lica celebra la Fiesta de la Anunciaci&oacute;n, nueve meses antes de la celebraci&oacute;n del Nacimiento de Jes&uacute;s.<\/p>\n<p style=\"text-align: justify\">\n\tLa plataforma internacional destac&oacute; que un caso especialmente importante ser&aacute; Chile, donde se realizar&aacute;n 13 marchas, pues &ldquo;el 31 de marzo termina el plazo para que los senadores puedan hacer indicaciones a la Ley del Aborto&rdquo;.<\/p>\n<p style=\"text-align: justify\">\n\tEn declaraciones recogidas por CitizenGO, los organizadores de las marchas en Chile explicaron que &ldquo;queremos que cada mam&aacute;, pap&aacute; y familia de este pa&iacute;s, tengan la oportunidad de alegrarse y gozarse con su hijo en camino, independiente de las circunstancias por las que atraviesen&rdquo;.<\/p>\n<p style=\"text-align: justify\">\n\t&ldquo;La existencia de todo ni&ntilde;o en el vientre de una madre es motivo de celebraci&oacute;n&rdquo;, destacaron.<\/p>\n<p style=\"text-align: justify\">\n\tLas manifestaciones se realizar&aacute;n en casi todos los pa&iacute;ses de Iberoam&eacute;rica, con excepci&oacute;n de Per&uacute;, donde la Marcha por la Vida, que en 2016 congreg&oacute; 750 mil personas, fue suspendida en solidaridad por los desastres naturales que golpean diversas ciudades del pa&iacute;s.<\/p>\n<p style=\"text-align: justify\">\n\tHay eventos programados para Argentina, Bolivia, Colombia, Rep&uacute;blica Dominicana, Ecuador, Guatemala, M&eacute;xico, Paraguay y un corso solidario en Arequipa, al sur de Per&uacute;.<\/p>\n<p style=\"text-align: justify\">\n\tPuede descargar un archivo con los horarios y lugares de los eventos&nbsp;AQU&Iacute;.<\/p>\n<p style=\"text-align: justify\">\n\tTambi&eacute;n te puede interesar:<\/p>\n<p style=\"text-align: justify\">\n\t\tPer&uacute;: Cancelan Marcha por la Vida en Lima para enfocar esfuerzos en desastres naturales https:\/\/t.co\/FZUJDW2zSm<\/p>\n<p>\t&mdash; ACI Prensa (@aciprensa) 18 de marzo de 2017<\/p>\n","protected":false},"excerpt":{"rendered":"<p>REDACCI\u00d3N CENTRAL, 24 Mar. 17 (ACI).- Al menos 47 manifestaciones se realizar&aacute;n este 25 de marzo, D&iacute;a Internacional del Ni&ntilde;o por Nacer, en diversos pa&iacute;ses de Iberoam&eacute;rica. En una&nbsp;compilaci&oacute;n realizada por la plataforma internacional CitizenGO, 47 ciudades han informado actividades en esta fecha, en que la Iglesia Cat&oacute;lica celebra la Fiesta de la Anunciaci&oacute;n, nueve &hellip; <a href=\"https:\/\/www.biblia.work\/noticias\/celebraran-47-eventos-por-el-dia-del-nino-por-nacer-en-iberoamerica\/\" class=\"more-link\">Continuar leyendo<span class=\"screen-reader-text\"> \u00abCelebrar\u00e1n 47 eventos por el D\u00eda del Ni\u00f1o por Nacer en Iberoam\u00e9rica\u00bb<\/span><\/a><\/p>\n","protected":false},"author":1,"featured_media":0,"comment_status":"open","ping_status":"closed","sticky":false,"template":"","format":"standard","meta":{"footnotes":""},"categories":[1],"tags":[],"class_list":["post-13067","post","type-post","status-publish","format-standard","hentry","category-general"],"_links":{"self":[{"href":"https:\/\/www.biblia.work\/noticias\/wp-json\/wp\/v2\/posts\/13067","targetHints":{"allow":["GET"]}}],"collection":[{"href":"https:\/\/www.biblia.work\/noticias\/wp-json\/wp\/v2\/posts"}],"about":[{"href":"https:\/\/www.biblia.work\/noticias\/wp-json\/wp\/v2\/types\/post"}],"author":[{"embeddable":true,"href":"https:\/\/www.biblia.work\/noticias\/wp-json\/wp\/v2\/users\/1"}],"replies":[{"embeddable":true,"href":"https:\/\/www.biblia.work\/noticias\/wp-json\/wp\/v2\/comments?post=13067"}],"version-history":[{"count":0,"href":"https:\/\/www.biblia.work\/noticias\/wp-json\/wp\/v2\/posts\/13067\/revisions"}],"wp:attachment":[{"href":"https:\/\/www.biblia.work\/noticias\/wp-json\/wp\/v2\/media?parent=13067"}],"wp:term":[{"taxonomy":"category","embeddable":true,"href":"https:\/\/www.biblia.work\/noticias\/wp-json\/wp\/v2\/categories?post=13067"},{"taxonomy":"post_tag","embeddable":true,"href":"https:\/\/www.biblia.work\/noticias\/wp-json\/wp\/v2\/tags?post=13067"}],"curies":[{"name":"wp","href":"https:\/\/api.w.org\/{rel}","templated":true}]}}