{"id":13068,"date":"2017-03-25T03:15:02","date_gmt":"2017-03-25T08:15:02","guid":{"rendered":"http:\/\/www.biblia.work\/noticias\/programa-del-papa-francisco-en-milan-sabado-25-de-marzo-de-2017\/"},"modified":"2017-03-25T03:15:02","modified_gmt":"2017-03-25T08:15:02","slug":"programa-del-papa-francisco-en-milan-sabado-25-de-marzo-de-2017","status":"publish","type":"post","link":"https:\/\/www.biblia.work\/noticias\/programa-del-papa-francisco-en-milan-sabado-25-de-marzo-de-2017\/","title":{"rendered":"Programa del papa Francisco en Mil\u00e1n, s\u00e1bado 25 de marzo de 2017"},"content":{"rendered":"<p style=\"text-align: justify\">(ZENIT- Ciudad del Vaticano).- El programa del papa Francisco este 25 de marzo en la ciudad de Mil\u00e1n, situada en el norte de Italia y coraz\u00f3n industrial y financiero del pa\u00eds.<\/p>\n<p style=\"text-align: justify\"><strong>\u00a007.10<\/strong> Salida del aeropuerto de Roma-Fiumicino<br \/>\n<strong>08.00<\/strong> Aterrizaje en el aeropuerto de Mil\u00e1n-Linate<br \/>\n<strong>08.30<\/strong> Visita al Barrio Forlanini &#8211; \u201cCase Bianche\u201d di Milano<br \/>\nEncuentro con dos familias en sus departamentos respectivos<br \/>\nEncuentro con los residentes en la \u201cPiazza delle Case Bianche\u201d<br \/>\nSaludo<br \/>\nEncuentro con los representantes de familias n\u00f3mades, isl\u00e1micos, inmigrantes y habitantes<br \/>\n<strong>10.00<\/strong> Encuentro con los sacerdotes y consagrados en la catedral, el Duomo<br \/>\nSaludo del card. Angelo Scola, arzobispo de Mil\u00e1n<br \/>\nEl Papa responde a algunas preguntas de los sacerdotes<br \/>\n<strong>11.00<\/strong> Rezo del \u00c1ngelus y\u00a0 bendici\u00f3n en el atrio del Duomo<br \/>\nAngelus<\/p>\n<p style=\"text-align: justify\"><strong>11.30<\/strong> Visita a la Penitenciar\u00eda de San Vittore<br \/>\n<strong>12.30<\/strong> Almuerzo con cien detenidos en el Tercer brazo de la Penitenciar\u00eda de San Vittore<br \/>\n<strong>13.45<\/strong> Traslado en autom\u00f3vil al Parque de Monza<br \/>\n<strong>15.00<\/strong> Santa Misa en el Parque de Monza &#8211; Homil\u00eda<br \/>\nAl concluir, el agradecimiento del cardenal Angelo Scola, arzobispo de Mil\u00e1n<br \/>\n<strong>16.30<\/strong> Traslado en autom\u00f3vil al estadio Meazza-San Siro de Mil\u00e1n<br \/>\n<strong>17.30<\/strong> Encuentro en el estadio Meazza-San Siro de Mil\u00e1n, con los chicos y chicas que recibieron la confirmaci\u00f3n.<br \/>\nRespuestas a algunas preguntas de un confirmado, de un padre y de un catequista<br \/>\n<strong>18.30<\/strong> Despedida y salida del aeropuerto de Mil\u00e1n-Linate<br \/>\n<strong>19.30<\/strong> Aterrizaje en el aeropuerto de Roma-Fiumicino<\/p>\n<p><span class=\"et_bloom_bottom_trigger\"><\/span><\/p>\n<p><a href=\"https:\/\/es.zenit.org\/\" target=\"_blank\" rel=\"nofollow\">Fuente: es.zenit.org<\/a><\/p>\n","protected":false},"excerpt":{"rendered":"<p>(ZENIT- Ciudad del Vaticano).- El programa del papa Francisco este 25 de marzo en la ciudad de Mil\u00e1n, situada en el norte de Italia y coraz\u00f3n industrial y financiero del pa\u00eds. \u00a007.10 Salida del aeropuerto de Roma-Fiumicino 08.00 Aterrizaje en el aeropuerto de Mil\u00e1n-Linate 08.30 Visita al Barrio Forlanini &#8211; \u201cCase Bianche\u201d di Milano Encuentro &hellip; <a href=\"https:\/\/www.biblia.work\/noticias\/programa-del-papa-francisco-en-milan-sabado-25-de-marzo-de-2017\/\" class=\"more-link\">Continuar leyendo<span class=\"screen-reader-text\"> \u00abPrograma del papa Francisco en Mil\u00e1n, s\u00e1bado 25 de marzo de 2017\u00bb<\/span><\/a><\/p>\n","protected":false},"author":1,"featured_media":0,"comment_status":"open","ping_status":"closed","sticky":false,"template":"","format":"standard","meta":{"footnotes":""},"categories":[1],"tags":[],"class_list":["post-13068","post","type-post","status-publish","format-standard","hentry","category-general"],"_links":{"self":[{"href":"https:\/\/www.biblia.work\/noticias\/wp-json\/wp\/v2\/posts\/13068","targetHints":{"allow":["GET"]}}],"collection":[{"href":"https:\/\/www.biblia.work\/noticias\/wp-json\/wp\/v2\/posts"}],"about":[{"href":"https:\/\/www.biblia.work\/noticias\/wp-json\/wp\/v2\/types\/post"}],"author":[{"embeddable":true,"href":"https:\/\/www.biblia.work\/noticias\/wp-json\/wp\/v2\/users\/1"}],"replies":[{"embeddable":true,"href":"https:\/\/www.biblia.work\/noticias\/wp-json\/wp\/v2\/comments?post=13068"}],"version-history":[{"count":0,"href":"https:\/\/www.biblia.work\/noticias\/wp-json\/wp\/v2\/posts\/13068\/revisions"}],"wp:attachment":[{"href":"https:\/\/www.biblia.work\/noticias\/wp-json\/wp\/v2\/media?parent=13068"}],"wp:term":[{"taxonomy":"category","embeddable":true,"href":"https:\/\/www.biblia.work\/noticias\/wp-json\/wp\/v2\/categories?post=13068"},{"taxonomy":"post_tag","embeddable":true,"href":"https:\/\/www.biblia.work\/noticias\/wp-json\/wp\/v2\/tags?post=13068"}],"curies":[{"name":"wp","href":"https:\/\/api.w.org\/{rel}","templated":true}]}}