{"id":13071,"date":"2017-03-25T04:15:02","date_gmt":"2017-03-25T09:15:02","guid":{"rendered":"http:\/\/www.biblia.work\/noticias\/el-papa-en-case-bianche-estoy-aqui-como-sacerdote-y-ellos-son-un-don-de-cristo-para-ustedes\/"},"modified":"2017-03-25T04:15:02","modified_gmt":"2017-03-25T09:15:02","slug":"el-papa-en-case-bianche-estoy-aqui-como-sacerdote-y-ellos-son-un-don-de-cristo-para-ustedes","status":"publish","type":"post","link":"https:\/\/www.biblia.work\/noticias\/el-papa-en-case-bianche-estoy-aqui-como-sacerdote-y-ellos-son-un-don-de-cristo-para-ustedes\/","title":{"rendered":"El Papa en \u2018Case Bianche\u2019: estoy aqu\u00ed como sacerdote y ellos son un don de Cristo para ustedes"},"content":{"rendered":"<p style=\"text-align: justify\">(ZENIT \u2013 Roma, 25 Mar. 2017).- El santo padre Francisco al dirigirse a los habitantes del barrio de las &#8216;Case Bianche&#8217;, les agradeci\u00f3: \u201cSon ustedes quienes me reciben en Mil\u00e1n y esto esto un gran don para mi: entrar en la ciudad encontrando rostros, de las familias y una comunidad\u201d.<\/p>\n<p style=\"text-align: justify\">Agradeci\u00f3 tambi\u00e9n la estola que le regalaron, confeccionada artesanalmente en una cooperativa del barrio.<\/p>\n<p style=\"text-align: justify\">\u201cMe recuerda que vengo aqu\u00ed en medio de ustedes como sacerdote\u201d dijo, y el regalo de la estola hecha artesanalmente la vuelve m\u00e1s preciosa y recuerda que el sacerdote cristiano \u201cest\u00e1 al servicio del pueblo\u201d y los sacerdotes aqu\u00ed \u201cson un don de Cristo tejido por ustedes, por la gente, con su fe, sus fatigas, sus oraciones y sus l\u00e1grimas\u201d.<\/p>\n<p style=\"text-align: justify\">Tambi\u00e9n agradeci\u00f3 el regalo del cuadro de la imagen de la Virgen Mar\u00eda c\u00f3mo estaba\u00a0antes y ahora restaurada.<\/p>\n<p style=\"text-align: justify\">\u201cS\u00e9 que en Mil\u00e1n me recibe la &#8216;<em>Madonnina<\/em>&#8216; en la cima del Duomo (catedral), pero con vuestro regalo la Virgen ya me recibe aqu\u00ed\u201d. Como Mar\u00eda que corre a recibir a Elisabeth, como la solicitud de la Iglesia que no se queda esperando, sino que va a encontrar a todos, tambi\u00e9n a los no cristianos y no creyentes&#8230; y lleva a Jes\u00fas hacia todos, que es el amor de Dios hecho carne\u201d.<\/p>\n<p style=\"text-align: justify\">Y comentando el restauro de la imagen de la Virgen, se\u00f1al\u00f3 que \u201cla Iglesia tiene necesidad siempre de ser restaurada, porque est\u00e1 conformada\u00a0por nosotros que somos pecadores\u201d. Exhort\u00f3 as\u00ed: \u201cDej\u00e9monos restaurar por Dios, por su misericordia, dejemonos limpiar el coraz\u00f3n, especialmente en este tiempo de cuaresma\u201d.<\/p>\n<p style=\"text-align: justify\">Se\u00f1al\u00f3 por ello que una buena confesi\u00f3n a todos nos har\u00e1 bien. Y concluy\u00f3 dese\u00e1ndoles que el Se\u00f1or les bendiga y pidi\u00f3 que recen por \u00e9l.<\/p>\n<p><span class=\"et_bloom_bottom_trigger\"><\/span><\/p>\n<p><a href=\"https:\/\/es.zenit.org\/\" target=\"_blank\" rel=\"nofollow\">Fuente: es.zenit.org<\/a><\/p>\n","protected":false},"excerpt":{"rendered":"<p>(ZENIT \u2013 Roma, 25 Mar. 2017).- El santo padre Francisco al dirigirse a los habitantes del barrio de las &#8216;Case Bianche&#8217;, les agradeci\u00f3: \u201cSon ustedes quienes me reciben en Mil\u00e1n y esto esto un gran don para mi: entrar en la ciudad encontrando rostros, de las familias y una comunidad\u201d. Agradeci\u00f3 tambi\u00e9n la estola que &hellip; <a href=\"https:\/\/www.biblia.work\/noticias\/el-papa-en-case-bianche-estoy-aqui-como-sacerdote-y-ellos-son-un-don-de-cristo-para-ustedes\/\" class=\"more-link\">Continuar leyendo<span class=\"screen-reader-text\"> \u00abEl Papa en \u2018Case Bianche\u2019: estoy aqu\u00ed como sacerdote y ellos son un don de Cristo para ustedes\u00bb<\/span><\/a><\/p>\n","protected":false},"author":1,"featured_media":0,"comment_status":"open","ping_status":"closed","sticky":false,"template":"","format":"standard","meta":{"footnotes":""},"categories":[1],"tags":[],"class_list":["post-13071","post","type-post","status-publish","format-standard","hentry","category-general"],"_links":{"self":[{"href":"https:\/\/www.biblia.work\/noticias\/wp-json\/wp\/v2\/posts\/13071","targetHints":{"allow":["GET"]}}],"collection":[{"href":"https:\/\/www.biblia.work\/noticias\/wp-json\/wp\/v2\/posts"}],"about":[{"href":"https:\/\/www.biblia.work\/noticias\/wp-json\/wp\/v2\/types\/post"}],"author":[{"embeddable":true,"href":"https:\/\/www.biblia.work\/noticias\/wp-json\/wp\/v2\/users\/1"}],"replies":[{"embeddable":true,"href":"https:\/\/www.biblia.work\/noticias\/wp-json\/wp\/v2\/comments?post=13071"}],"version-history":[{"count":0,"href":"https:\/\/www.biblia.work\/noticias\/wp-json\/wp\/v2\/posts\/13071\/revisions"}],"wp:attachment":[{"href":"https:\/\/www.biblia.work\/noticias\/wp-json\/wp\/v2\/media?parent=13071"}],"wp:term":[{"taxonomy":"category","embeddable":true,"href":"https:\/\/www.biblia.work\/noticias\/wp-json\/wp\/v2\/categories?post=13071"},{"taxonomy":"post_tag","embeddable":true,"href":"https:\/\/www.biblia.work\/noticias\/wp-json\/wp\/v2\/tags?post=13071"}],"curies":[{"name":"wp","href":"https:\/\/api.w.org\/{rel}","templated":true}]}}