{"id":13072,"date":"2017-03-25T04:15:03","date_gmt":"2017-03-25T09:15:03","guid":{"rendered":"http:\/\/www.biblia.work\/noticias\/francisco-llega-a-milan-e-inicia-por-la-periferia\/"},"modified":"2017-03-25T04:15:03","modified_gmt":"2017-03-25T09:15:03","slug":"francisco-llega-a-milan-e-inicia-por-la-periferia","status":"publish","type":"post","link":"https:\/\/www.biblia.work\/noticias\/francisco-llega-a-milan-e-inicia-por-la-periferia\/","title":{"rendered":"Francisco llega a Mil\u00e1n e inicia por la periferia"},"content":{"rendered":"<p style=\"text-align: justify\">(ZENIT &#8211; Roma, 25 Mar. 2017).- El papa Francisco inici\u00f3 este s\u00e1bado por \u00a0su viaje apost\u00f3lico a la ciudad de Mil\u00e1n, situada en el norte de Italia y coraz\u00f3n industrial del pa\u00eds. \u00a0Tras partir poco despu\u00e9s de las 7 de la ma\u00f1ana lleg\u00f3 al aeropuerto de Linate cubierto de niebla, donde le aguardaban autoridades civiles y religiosa.<\/p>\n<p style=\"text-align: justify\">De all\u00ed fue al &#8216;Barrio Forlanini&#8217;, donde est\u00e1n las &#8216;<em>Case Bianche<\/em>&#8216;, (Casas Blancas), un conjunto de edificios muy populares, conocido por problemas de degrado, en donde viven los m\u00e1s pobres de dicha ciudad.<\/p>\n<p style=\"text-align: justify\">All\u00ed el Santo Padre visit\u00f3 a tres\u00a0familias, una de personas que conviven desde hace 38 a\u00f1os, \u00e9l gravemente enfermo super\u00f3 el problema de alcoholismo. La otra familia es de personas musulmanas que colaboran activamente en las actividades de asistencia social. La tercer familia es de ancianos italianos, cat\u00f3licos frecuentadores de la parroquia, ella casi ciega y \u00e9l con\u00a0graves problemas de salud, y una hija de 51 a\u00f1os.<\/p>\n<p style=\"text-align: justify\">Al salir en papam\u00f3vil, transit\u00f3 por algunas cuadras en donde la poblaci\u00f3n le esperaba con gran entusiasmo. Al bajar delante\u00a0salud\u00f3 a gran cantidad de personas, entre las cuales ni\u00f1os y enfermos.<\/p>\n<p style=\"text-align: justify\">Le regalaron una estola realizada por una cooperativa del lugar y un cuadro con la foto de una imagen de la Virgen Mar\u00eda que tienen all\u00ed en <em>Case Bianche<\/em>.<\/p>\n<p><span class=\"et_bloom_bottom_trigger\"><\/span><\/p>\n<p><a href=\"https:\/\/es.zenit.org\/\" target=\"_blank\" rel=\"nofollow\">Fuente: es.zenit.org<\/a><\/p>\n","protected":false},"excerpt":{"rendered":"<p>(ZENIT &#8211; Roma, 25 Mar. 2017).- El papa Francisco inici\u00f3 este s\u00e1bado por \u00a0su viaje apost\u00f3lico a la ciudad de Mil\u00e1n, situada en el norte de Italia y coraz\u00f3n industrial del pa\u00eds. \u00a0Tras partir poco despu\u00e9s de las 7 de la ma\u00f1ana lleg\u00f3 al aeropuerto de Linate cubierto de niebla, donde le aguardaban autoridades civiles &hellip; <a href=\"https:\/\/www.biblia.work\/noticias\/francisco-llega-a-milan-e-inicia-por-la-periferia\/\" class=\"more-link\">Continuar leyendo<span class=\"screen-reader-text\"> \u00abFrancisco llega a Mil\u00e1n e inicia por la periferia\u00bb<\/span><\/a><\/p>\n","protected":false},"author":1,"featured_media":0,"comment_status":"open","ping_status":"closed","sticky":false,"template":"","format":"standard","meta":{"footnotes":""},"categories":[1],"tags":[],"class_list":["post-13072","post","type-post","status-publish","format-standard","hentry","category-general"],"_links":{"self":[{"href":"https:\/\/www.biblia.work\/noticias\/wp-json\/wp\/v2\/posts\/13072","targetHints":{"allow":["GET"]}}],"collection":[{"href":"https:\/\/www.biblia.work\/noticias\/wp-json\/wp\/v2\/posts"}],"about":[{"href":"https:\/\/www.biblia.work\/noticias\/wp-json\/wp\/v2\/types\/post"}],"author":[{"embeddable":true,"href":"https:\/\/www.biblia.work\/noticias\/wp-json\/wp\/v2\/users\/1"}],"replies":[{"embeddable":true,"href":"https:\/\/www.biblia.work\/noticias\/wp-json\/wp\/v2\/comments?post=13072"}],"version-history":[{"count":0,"href":"https:\/\/www.biblia.work\/noticias\/wp-json\/wp\/v2\/posts\/13072\/revisions"}],"wp:attachment":[{"href":"https:\/\/www.biblia.work\/noticias\/wp-json\/wp\/v2\/media?parent=13072"}],"wp:term":[{"taxonomy":"category","embeddable":true,"href":"https:\/\/www.biblia.work\/noticias\/wp-json\/wp\/v2\/categories?post=13072"},{"taxonomy":"post_tag","embeddable":true,"href":"https:\/\/www.biblia.work\/noticias\/wp-json\/wp\/v2\/tags?post=13072"}],"curies":[{"name":"wp","href":"https:\/\/api.w.org\/{rel}","templated":true}]}}