{"id":13075,"date":"2017-03-25T05:15:03","date_gmt":"2017-03-25T10:15:03","guid":{"rendered":"http:\/\/www.biblia.work\/noticias\/el-papa-en-el-duomo-de-milan-no-temer-el-desafio-de-una-sociedad-multicultural\/"},"modified":"2017-03-25T05:15:03","modified_gmt":"2017-03-25T10:15:03","slug":"el-papa-en-el-duomo-de-milan-no-temer-el-desafio-de-una-sociedad-multicultural","status":"publish","type":"post","link":"https:\/\/www.biblia.work\/noticias\/el-papa-en-el-duomo-de-milan-no-temer-el-desafio-de-una-sociedad-multicultural\/","title":{"rendered":"El Papa en el Duomo de Mil\u00e1n: No temer el desaf\u00edo de una sociedad multicultural"},"content":{"rendered":"<p style=\"text-align: justify\">(ZENIT \u2013 Roma).- En el Duomo de Mil\u00e1n, la catedral g\u00f3tica medioeval y coraz\u00f3n de la Iglesia ambrosiana, el papa Francisco encontr\u00f3 al clero de la ciudad, presidido por los tres cardenales milaneses. Despu\u00e9s de saludarles entr\u00f3 en el templo, donde le recibieron con aplausos.<\/p>\n<p style=\"text-align: justify\">En el lugar del Duomo llamado \u201cScurolo di San Carlo\u201d, el Santo Padre se detuvo en oraci\u00f3n y adoraci\u00f3n al Sant\u00edsimo Sacramento.<\/p>\n<p style=\"text-align: justify\">Aqu\u00ed, en el primer encuentro con el clero de Mil\u00e1n, en la nave central del Duomo, despu\u00e9s del saludo del cardenal Scola, el sacerdote diocesano Gabriele Gioia le pregunt\u00f3 c\u00f3mo enfrentar la secularizaci\u00f3n y evoluci\u00f3n de la sociedad, plural, multi\u00e9tnica, multicultural y multirreligiosa.<\/p>\n<p style=\"text-align: justify\">Record\u00f3 que no siempre \u201cse pesca\u201d, lo importantes s\u00ed es salir a navegar, sabiendo que somos siervos in\u00fatiles, con la alegr\u00eda de evangelizar.<\/p>\n<p style=\"text-align: justify\">El Papa se\u00f1al\u00f3 que \u201cen cada \u00e9poca desde los primeros cristianos ha tenido m\u00faltiples desaf\u00edos\u201d y record\u00f3 el episodio de Pedro en la casa de Cornelio en Cesarea. \u201cNo debemos temer los desaf\u00edos y es bueno que existan. Son signo de una fe viva, de una comunidad que busca al Se\u00f1or y tiene los ojos y el coraz\u00f3n abierto\u201d, dijo. Y a\u00f1adi\u00f3: \u201cM\u00e1s bien temamos una fe sin desaf\u00edos que se considera completa como si todo hubiera sido realizado\u201d. Porque los desaf\u00edos \u201cnos ayudan a hacer que nuestra fe no se vuelva ideol\u00f3gica\u201d.<\/p>\n<p style=\"text-align: justify\">Y sobre una sociedad \u201cmulticultural, multireligiosa y multi\u00e9tnica\u201d se\u00f1al\u00f3 que la historia de la Iglesia tiene mucho que ense\u00f1arnos y ayudarnos sobre la cultura de la diversidad. Porque \u201cel Esp\u00edritu Santo es el maestro de la diversidad\u201d. Invit\u00f3 as\u00ed a mirar a las di\u00f3cesis, comunidades religiosas, congregaciones, con tantos carismas y modos de realizar la experiencia de los creyentes. \u201cLa Iglesia -dijo el Papa- es una experiencia multiforme, una pero multiforme\u201d.<\/p>\n<p style=\"text-align: justify\">Tambi\u00e9n se\u00f1al\u00f3 el Evangelio en sus cuatro versiones, lo que enriquece. Invit\u00f3 por ello a no confundir unidad con uniformidad, pluralidad con pluralismo. \u201cTodo lo que no asume el drama humano puede ser una teor\u00eda muy clara y distinguida, pero no coherente con la Revelaci\u00f3n y por lo tanto ideol\u00f3gica\u201d, dijo. Porque la fe para ser cristiana y no ilusoria tiene que configurarse en el interior de los procesos humanos si reducirse a ellos.<\/p>\n<p style=\"text-align: justify\">Por ello como pastores no podemos evitar de \u201cformar el discernimiento\u201d en un \u201cescenario muy insidioso\u201d, en una cultura de la abundancia, que presenta tantas posibilidades como v\u00e1lidas y buenas, en la cual nuestros j\u00f3venes est\u00e1n expuestos al zapping continuo, pudiendo navegar en dos o tres pantallas al mismo tiempo, en diversos escenarios virtuales.<\/p>\n<p style=\"text-align: justify\">\u201cNos guste o no es el mundo en el cual est\u00e1n insertados y es nuestro deber como pastores ayudarlos a atravesar este mundo. Por lo tanto considero que sea importante ense\u00f1arles a discernir, para que tengan los instrumentos y los elementos que les ayuden a recorrer el camino de la vida sin que se extinga el Esp\u00edritu Santo que est\u00e1 en ellos\u201d.<\/p>\n<p style=\"text-align: justify\">\u201cCuando somos ni\u00f1os -se\u00f1al\u00f3 el Pont\u00edfice- es f\u00e1cil que el pap\u00e1 y la mam\u00e1 digan qu\u00e9 hacer, y est\u00e1 bien. Pero a mediad que crecemos en medio a una multitud de voces en las que aparentemente todas tienen raz\u00f3n, el discernimiento de lo que nos lleva a la Resurrecci\u00f3n, a la vida y no a una cultura de la muerte es crucial\u201d.<\/p>\n<p><span class=\"et_bloom_bottom_trigger\"><\/span><\/p>\n<p><a href=\"https:\/\/es.zenit.org\/\" target=\"_blank\" rel=\"nofollow\">Fuente: es.zenit.org<\/a><\/p>\n","protected":false},"excerpt":{"rendered":"<p>(ZENIT \u2013 Roma).- En el Duomo de Mil\u00e1n, la catedral g\u00f3tica medioeval y coraz\u00f3n de la Iglesia ambrosiana, el papa Francisco encontr\u00f3 al clero de la ciudad, presidido por los tres cardenales milaneses. Despu\u00e9s de saludarles entr\u00f3 en el templo, donde le recibieron con aplausos. En el lugar del Duomo llamado \u201cScurolo di San Carlo\u201d, &hellip; <a href=\"https:\/\/www.biblia.work\/noticias\/el-papa-en-el-duomo-de-milan-no-temer-el-desafio-de-una-sociedad-multicultural\/\" class=\"more-link\">Continuar leyendo<span class=\"screen-reader-text\"> \u00abEl Papa en el Duomo de Mil\u00e1n: No temer el desaf\u00edo de una sociedad multicultural\u00bb<\/span><\/a><\/p>\n","protected":false},"author":1,"featured_media":0,"comment_status":"open","ping_status":"closed","sticky":false,"template":"","format":"standard","meta":{"footnotes":""},"categories":[1],"tags":[],"class_list":["post-13075","post","type-post","status-publish","format-standard","hentry","category-general"],"_links":{"self":[{"href":"https:\/\/www.biblia.work\/noticias\/wp-json\/wp\/v2\/posts\/13075","targetHints":{"allow":["GET"]}}],"collection":[{"href":"https:\/\/www.biblia.work\/noticias\/wp-json\/wp\/v2\/posts"}],"about":[{"href":"https:\/\/www.biblia.work\/noticias\/wp-json\/wp\/v2\/types\/post"}],"author":[{"embeddable":true,"href":"https:\/\/www.biblia.work\/noticias\/wp-json\/wp\/v2\/users\/1"}],"replies":[{"embeddable":true,"href":"https:\/\/www.biblia.work\/noticias\/wp-json\/wp\/v2\/comments?post=13075"}],"version-history":[{"count":0,"href":"https:\/\/www.biblia.work\/noticias\/wp-json\/wp\/v2\/posts\/13075\/revisions"}],"wp:attachment":[{"href":"https:\/\/www.biblia.work\/noticias\/wp-json\/wp\/v2\/media?parent=13075"}],"wp:term":[{"taxonomy":"category","embeddable":true,"href":"https:\/\/www.biblia.work\/noticias\/wp-json\/wp\/v2\/categories?post=13075"},{"taxonomy":"post_tag","embeddable":true,"href":"https:\/\/www.biblia.work\/noticias\/wp-json\/wp\/v2\/tags?post=13075"}],"curies":[{"name":"wp","href":"https:\/\/api.w.org\/{rel}","templated":true}]}}