{"id":13078,"date":"2017-03-25T07:15:02","date_gmt":"2017-03-25T12:15:02","guid":{"rendered":"http:\/\/www.biblia.work\/noticias\/el-papa-en-milan-a-los-diaconos-ustedes-son-un-don-del-pueblo-de-dios\/"},"modified":"2017-03-25T07:15:02","modified_gmt":"2017-03-25T12:15:02","slug":"el-papa-en-milan-a-los-diaconos-ustedes-son-un-don-del-pueblo-de-dios","status":"publish","type":"post","link":"https:\/\/www.biblia.work\/noticias\/el-papa-en-milan-a-los-diaconos-ustedes-son-un-don-del-pueblo-de-dios\/","title":{"rendered":"El Papa en Mil\u00e1n a los di\u00e1conos: Ustedes son un don del pueblo de Dios"},"content":{"rendered":"<p style=\"text-align: justify\">(ZENIT \u2013 Roma, 25 Mar. 2017).- \u201cAtenci\u00f3n a no ver a los di\u00e1conos como medios curas y medios laicos. Que al final no est\u00e1n ni de aqu\u00ed ni de all\u00e1\u201d, porque esta idea quita la fuera a su carisma propio y ser\u00eda &#8216;funcionalizarlos&#8217;.<\/p>\n<p style=\"text-align: justify\">Tampoco hay que imaginar a los di\u00e1conos como un intermediario entre los fieles y los pastores, porque \u201ces una vocaci\u00f3n familiar que invita al servicio como un don caracter\u00edstico del pueblo de Dios\u201d.<\/p>\n<p style=\"text-align: justify\">Lo indic\u00f3 el papa Francisco durante el encuentro que ha tenido este s\u00e1bado en el Duomo de Mil\u00e1n, con el clero y consagrados de la di\u00f3cesis ambrosiana, respondiendo a la pregunta de Roberto Crespi, uno de los 143 di\u00e1conos presentes en la di\u00f3cesis.<\/p>\n<p style=\"text-align: justify\">\u201cNo hay servicio en el altar, no hay liturgia que se abra a los pobres y no hay servicio de los pobres que no lleve a la liturgia, no hay vocaci\u00f3n eclesial que no sea familiar\u201d, explic\u00f3 el Papa y precis\u00f3 que en una sociedad donde \u201choy parece que deba servirnos, como si todo fuera finalizado al individuo, la oraci\u00f3n &#8216;me sirve&#8217;, la comunidad &#8216;me sirve&#8217;, la caridad &#8216;me sirve&#8217;\u201d.<\/p>\n<p style=\"text-align: justify\">\u201cUstedes son &#8211;concluy\u00f3 el Papa&#8211; el don que el Esp\u00edritu santo nos da para hacernos ver que el camino justo va al contrario: en la oraci\u00f3n, siervo; en la comunidad, siervo; con la solidaridad de siervo de Dios y del pr\u00f3jimo\u201d.<\/p>\n<p><span class=\"et_bloom_bottom_trigger\"><\/span><\/p>\n<p><a href=\"https:\/\/es.zenit.org\/\" target=\"_blank\" rel=\"nofollow\">Fuente: es.zenit.org<\/a><\/p>\n","protected":false},"excerpt":{"rendered":"<p>(ZENIT \u2013 Roma, 25 Mar. 2017).- \u201cAtenci\u00f3n a no ver a los di\u00e1conos como medios curas y medios laicos. Que al final no est\u00e1n ni de aqu\u00ed ni de all\u00e1\u201d, porque esta idea quita la fuera a su carisma propio y ser\u00eda &#8216;funcionalizarlos&#8217;. Tampoco hay que imaginar a los di\u00e1conos como un intermediario entre los &hellip; <a href=\"https:\/\/www.biblia.work\/noticias\/el-papa-en-milan-a-los-diaconos-ustedes-son-un-don-del-pueblo-de-dios\/\" class=\"more-link\">Continuar leyendo<span class=\"screen-reader-text\"> \u00abEl Papa en Mil\u00e1n a los di\u00e1conos: Ustedes son un don del pueblo de Dios\u00bb<\/span><\/a><\/p>\n","protected":false},"author":1,"featured_media":0,"comment_status":"open","ping_status":"closed","sticky":false,"template":"","format":"standard","meta":{"footnotes":""},"categories":[1],"tags":[],"class_list":["post-13078","post","type-post","status-publish","format-standard","hentry","category-general"],"_links":{"self":[{"href":"https:\/\/www.biblia.work\/noticias\/wp-json\/wp\/v2\/posts\/13078","targetHints":{"allow":["GET"]}}],"collection":[{"href":"https:\/\/www.biblia.work\/noticias\/wp-json\/wp\/v2\/posts"}],"about":[{"href":"https:\/\/www.biblia.work\/noticias\/wp-json\/wp\/v2\/types\/post"}],"author":[{"embeddable":true,"href":"https:\/\/www.biblia.work\/noticias\/wp-json\/wp\/v2\/users\/1"}],"replies":[{"embeddable":true,"href":"https:\/\/www.biblia.work\/noticias\/wp-json\/wp\/v2\/comments?post=13078"}],"version-history":[{"count":0,"href":"https:\/\/www.biblia.work\/noticias\/wp-json\/wp\/v2\/posts\/13078\/revisions"}],"wp:attachment":[{"href":"https:\/\/www.biblia.work\/noticias\/wp-json\/wp\/v2\/media?parent=13078"}],"wp:term":[{"taxonomy":"category","embeddable":true,"href":"https:\/\/www.biblia.work\/noticias\/wp-json\/wp\/v2\/categories?post=13078"},{"taxonomy":"post_tag","embeddable":true,"href":"https:\/\/www.biblia.work\/noticias\/wp-json\/wp\/v2\/tags?post=13078"}],"curies":[{"name":"wp","href":"https:\/\/api.w.org\/{rel}","templated":true}]}}