{"id":13082,"date":"2017-03-25T08:05:02","date_gmt":"2017-03-25T13:05:02","guid":{"rendered":"http:\/\/www.biblia.work\/noticias\/papa-francisco-usa-bano-portatil-en-visita-a-barrio-pobre-de-milan\/"},"modified":"2017-03-25T08:05:02","modified_gmt":"2017-03-25T13:05:02","slug":"papa-francisco-usa-bano-portatil-en-visita-a-barrio-pobre-de-milan","status":"publish","type":"post","link":"https:\/\/www.biblia.work\/noticias\/papa-francisco-usa-bano-portatil-en-visita-a-barrio-pobre-de-milan\/","title":{"rendered":"Papa Francisco usa ba\u00f1o port\u00e1til en visita a barrio pobre de Mil\u00e1n"},"content":{"rendered":"<p> MIL\u00c1N, 25 Mar. 17 (ACI).-<br \/>\n\tPoco despu&eacute;s de su llegada a Mil&aacute;n, el Papa Francisco&nbsp;rompi&oacute; el protocolo al&nbsp;acercarse a un urinario port&aacute;til&nbsp;en el barrio marginal que visitaba, un gesto que fue captado por las c&aacute;maras de televisi&oacute;n presentes y por las cientos de personas que le esperaban en la zona.<\/p>\n<p style=\"text-align: justify\">\n\tEl Santo Padre hizo su primera parada en el barrio de &ldquo;Casas Blancas&rdquo;, una zona marginal de Mil&aacute;n en la que viven numerosas personas sin recursos.<\/p>\n<p style=\"text-align: justify\">\n\tEn este barrio, pas&oacute; cerca de una hora saludando a los habitantes y despu&eacute;s&nbsp;entr&oacute; en la casa de tres familias: la de Dori Falcone, de 57 a&ntilde;os, y de su marido Lino Pasquale, de 59 a&ntilde;os, que sufre epilepsia, lo que le ha provocado importantes secuelas f&iacute;sicas y neurol&oacute;gicas.<\/p>\n<p style=\"text-align: justify\">\n\tTambi&eacute;n visit&oacute; la vivienda de&nbsp;Mihoual Abdel Karin&nbsp;y su esposa Tardane Hanane &ndash;musulmanes&ndash; que viven en el segundo piso del n&uacute;mero 40 con sus tres hijos de 17, 10 y 6 a&ntilde;os, que llegaron desde Marruecos en 1989.<\/p>\n<p style=\"text-align: justify\">\n\tFrancisco tambi&eacute;n estuvo algunos minutos en la casa del matrimonio formado por Nuccio Oneta, de 82 a&ntilde;os y gravemente enfermo, y Adele Agogini, de 81 a&ntilde;os, pr&aacute;cticamente ciega.<\/p>\n<p style=\"text-align: justify\">\n\tA cada una de las visitas Francisco acudi&oacute; de manera privada, sin c&aacute;maras, aunque las familias se fotografiaron con &eacute;l.<\/p>\n<p style=\"text-align: justify\">\n\tDespu&eacute;s, en la plaza del barrio dirigi&oacute; unas palabras de agradecimiento y de &aacute;nimo. Entre otras cosas les invit&oacute; a dejarse &ldquo;restaurar por Dios, por su misericordia&rdquo;. &ldquo;Dej&eacute;monos limpiar el coraz&oacute;n, especialmente en este tiempo Cuaresma&rdquo;, a&ntilde;adi&oacute;.<\/p>\n<p style=\"text-align: justify\">\n\tTambi&eacute;n te puede interesar:&nbsp;<\/p>\n<p style=\"text-align: justify\">\n\t\tPapa Francisco llega a Mil&aacute;n y pide a pobres e inmigrantes dejarse &ldquo;restaurar&rdquo; por Dios https:\/\/t.co\/dH7zED2Nr2<\/p>\n<p>\t&mdash; ACI Prensa (@aciprensa) 25 de marzo de 2017<\/p>\n<p style=\"text-align: justify\">\n\t&nbsp;<\/p>\n","protected":false},"excerpt":{"rendered":"<p>MIL\u00c1N, 25 Mar. 17 (ACI).- Poco despu&eacute;s de su llegada a Mil&aacute;n, el Papa Francisco&nbsp;rompi&oacute; el protocolo al&nbsp;acercarse a un urinario port&aacute;til&nbsp;en el barrio marginal que visitaba, un gesto que fue captado por las c&aacute;maras de televisi&oacute;n presentes y por las cientos de personas que le esperaban en la zona. El Santo Padre hizo su &hellip; <a href=\"https:\/\/www.biblia.work\/noticias\/papa-francisco-usa-bano-portatil-en-visita-a-barrio-pobre-de-milan\/\" class=\"more-link\">Continuar leyendo<span class=\"screen-reader-text\"> \u00abPapa Francisco usa ba\u00f1o port\u00e1til en visita a barrio pobre de Mil\u00e1n\u00bb<\/span><\/a><\/p>\n","protected":false},"author":1,"featured_media":0,"comment_status":"open","ping_status":"closed","sticky":false,"template":"","format":"standard","meta":{"footnotes":""},"categories":[1],"tags":[],"class_list":["post-13082","post","type-post","status-publish","format-standard","hentry","category-general"],"_links":{"self":[{"href":"https:\/\/www.biblia.work\/noticias\/wp-json\/wp\/v2\/posts\/13082","targetHints":{"allow":["GET"]}}],"collection":[{"href":"https:\/\/www.biblia.work\/noticias\/wp-json\/wp\/v2\/posts"}],"about":[{"href":"https:\/\/www.biblia.work\/noticias\/wp-json\/wp\/v2\/types\/post"}],"author":[{"embeddable":true,"href":"https:\/\/www.biblia.work\/noticias\/wp-json\/wp\/v2\/users\/1"}],"replies":[{"embeddable":true,"href":"https:\/\/www.biblia.work\/noticias\/wp-json\/wp\/v2\/comments?post=13082"}],"version-history":[{"count":0,"href":"https:\/\/www.biblia.work\/noticias\/wp-json\/wp\/v2\/posts\/13082\/revisions"}],"wp:attachment":[{"href":"https:\/\/www.biblia.work\/noticias\/wp-json\/wp\/v2\/media?parent=13082"}],"wp:term":[{"taxonomy":"category","embeddable":true,"href":"https:\/\/www.biblia.work\/noticias\/wp-json\/wp\/v2\/categories?post=13082"},{"taxonomy":"post_tag","embeddable":true,"href":"https:\/\/www.biblia.work\/noticias\/wp-json\/wp\/v2\/tags?post=13082"}],"curies":[{"name":"wp","href":"https:\/\/api.w.org\/{rel}","templated":true}]}}