{"id":13083,"date":"2017-03-25T09:05:02","date_gmt":"2017-03-25T14:05:02","guid":{"rendered":"http:\/\/www.biblia.work\/noticias\/beatifican-a-115-martires-de-almeria-asesinados-durante-guerra-civil-espanola\/"},"modified":"2017-03-25T09:05:02","modified_gmt":"2017-03-25T14:05:02","slug":"beatifican-a-115-martires-de-almeria-asesinados-durante-guerra-civil-espanola","status":"publish","type":"post","link":"https:\/\/www.biblia.work\/noticias\/beatifican-a-115-martires-de-almeria-asesinados-durante-guerra-civil-espanola\/","title":{"rendered":"Beatifican a 115 m\u00e1rtires de Almer\u00eda asesinados durante Guerra Civil Espa\u00f1ola"},"content":{"rendered":"<p> MADRID, 25 Mar. 17 (ACI).-<br \/>\n\tEl Cardenal Angelo Amato, Prefecto de la Congregaci&oacute;n para las Causas de los Santos, presidi&oacute; este s&aacute;bado 25 de marzo en la ciudad de Almer&iacute;a la Misa de beatificaci&oacute;n de 115 m&aacute;rtires asesinados durante la persecuci&oacute;n religiosa de la Guerra Civil Espa&ntilde;ola.<\/p>\n<p style=\"text-align: justify\">\n\tEn su homil&iacute;a, el Purpurado afirm&oacute; que estos nuevos beatos son un &ldquo;tesoro espiritual&rdquo; al que se puede acudir ante la persecuci&oacute;n actual que sufren los fieles, quiz&aacute;s no violenta pero igual de homicida, destinada a &ldquo;desacreditar la herencia cristiana&rdquo;.<\/p>\n<p style=\"text-align: justify\">\n\tEsta causa de beatificaci&oacute;n est&aacute; encabezada por el de&aacute;n Jos&eacute; &Aacute;lvarez-Benavides y de la Torre y 114 compa&ntilde;eros m&aacute;rtires: 95 sacerdotes, 18 laicos hombres y 2 mujeres. Entre ellas destaca la figura de Emilia Fern&aacute;ndez, la primera mujer gitana beatificada.<\/p>\n<p style=\"text-align: justify\">\n\tEl Cardenal Amato subray&oacute; durante la homil&iacute;a, que el sacrificio de estos m&aacute;rtires, &ldquo;constituye para la Iglesia de Almer&iacute;a un tesoro espiritual al que acudir frecuentemente para fortalecer el testimonio cotidiano, frente a una persecuci&oacute;n quiz&aacute;s no violenta, pero igual de homicidial porque intencionada, tambi&eacute;n ella, a desacreditar la herencia cristiana&rdquo;.<\/p>\n<p style=\"text-align: justify\">\n\t\tDichosos M&aacute;rtires de Almer&iacute;a, sembradores de paz, testigos de Cristo.<\/p>\n<p>\t\tRogad por nosotros pic.twitter.com\/qvmhqS080l<\/p>\n<p>\t&mdash; Reina de las Huertas (@ReinaHuertas) 25 de marzo de 2017<\/p>\n<p style=\"text-align: justify\">\n\tTambi&eacute;n destac&oacute; que durante la persecuci&oacute;n religiosa de la Guerra Civil Espa&ntilde;ola entre 1936 y 1939, &ldquo;Espa&ntilde;a tierra de santos, te&oacute;logos y misioneros, de fundadores de grandes &oacute;rdenes religiosas, se convirti&oacute; repentinamente en terreno de conquista de los 3 funestos caballos del apocalipsis&rdquo; donde parec&iacute;a &ldquo;que el reino del anticristo se hubiera adue&ntilde;ado de vuestra tierra bendita&rdquo;.<\/p>\n<p style=\"text-align: justify\">\n\t&ldquo;En aquel tiempo en Espa&ntilde;a prevaleci&oacute; la ideolog&iacute;a anticristiana&rdquo; que pretend&iacute;a &ldquo;la anulaci&oacute;n total de la Iglesia, de los sacerdotes y los laicos comprometidos en el apostolado cat&oacute;lico&rdquo;, destac&oacute;.<\/p>\n<p style=\"text-align: justify\">\n\t&ldquo;Los procesos sumarios, cuando se hicieron, se conclu&iacute;an fatalmente con condenas a muerte. En aquella larga Cuaresma de pasi&oacute;n, en el calvario espa&ntilde;ol, no hab&iacute;a solo tres cruces, sino miles y miles de crucificados diseminados por todo el pa&iacute;s&rdquo;, asegur&oacute; el Prefecto.<\/p>\n<p style=\"text-align: justify\">\n\tAnte los numerosos m&aacute;rtires que murieron por su fe en Jesucristo durante los a&ntilde;os 1936-1939, y en especial ante este grupo de 115, el Cardenal Amato insisti&oacute; en que &ldquo;nos incumbe el deber de la memoria para no descuidar este patrimonio incomparable de obediencia al Dios de la vida, a su palabra de caridad&rdquo;.<\/p>\n<p style=\"text-align: justify\">\n\t\tComienza el acto de Eucarist&iacute;a y Beatificaci&oacute;n de los m&aacute;rtires S. XX en Almer&iacute;a @AMcasamadre @AMSanCristobal @AM_San_Isidro @AMVistillas pic.twitter.com\/UPrwfoG4cU<\/p>\n<p>\t&mdash; Ave Mar&iacute;a Casa Madre (@AMcasamadre) 25 de marzo de 2017<\/p>\n<p style=\"text-align: justify\">\n\tAnim&oacute; a recordar a los m&aacute;rtires para &ldquo;repetir que el Cristianismo es la religi&oacute;n de la caridad y de la vida, y que se opone a toda forma de prevaricaci&oacute;n y violencia&rdquo;, asegur&oacute;.<\/p>\n<p style=\"text-align: justify\">\n\tEl Prefecto destac&oacute; al sacerdote Jos&eacute; &Aacute;lvarez-Benavides y de la Torre, de&aacute;n de la Catedral de Almer&iacute;a que muri&oacute; m&aacute;rtir con 72 a&ntilde;os: &ldquo;Era devot&iacute;simo de la Inmaculada e invitaba a los j&oacute;venes a rezar el Santo rosario. Arrestado en los &uacute;ltimos d&iacute;as de julio de 1936, su prisi&oacute;n fue una barca para el transporte de hierro&rdquo;.<\/p>\n<p style=\"text-align: justify\">\n\tTambi&eacute;n apunt&oacute; que, a pesar de las circunstancias adversas, el P. Jos&eacute; &ldquo;logr&oacute; crear entre los prisioneros un clima de recogimiento y de oraci&oacute;n. Se le pidi&oacute; bajo innumerables formas de tortura renegar de la fe y blasfemar del nombre de Cristo, pero &eacute;l se opuso hasta el final. Muri&oacute; fusilado, confesando a Cristo Rey y perdonando a sus verdugos&rdquo;.<\/p>\n<p style=\"text-align: justify\">\n\tEntre los laicos beatificados hoy, el Cardenal Amato destac&oacute; a Luis Belda, de 34 a&ntilde;os, perteneciente a la Acci&oacute;n Cat&oacute;lica y abogado del estado.<\/p>\n<p style=\"text-align: justify\">\n\t&ldquo;Se entreg&oacute; voluntariamente a los milicianos para no comprometer a su familia, el &uacute;nico motivo de su prisi&oacute;n era ser cat&oacute;lico. Sus &uacute;ltimas palabras, gritando a su mujer desde la barca antes del fusilamiento fueron: &lsquo;Perdono de coraz&oacute;n a todos los que me han ofendido y a los que me pueden hacer da&ntilde;o&rsquo;. Sus restos mortales fueron encontrados flotando sobres las olas cerca de la playa&rdquo;, precis&oacute; el Cardenal.<\/p>\n<p style=\"text-align: justify\">\n\tTambi&eacute;n se record&oacute; a Emilia Fern&aacute;ndez, la canastera de T&iacute;jola, &ldquo;gitana de raza y m&aacute;rtir del rosario&rdquo;. Emilia es la primera mujer gitana beatificada mientras que el primer beato gitano fue Ceferino Gim&eacute;nez, el &ldquo;Pel&eacute;&rdquo;, elevado a los altares por San Juan Pablo II.<\/p>\n<p style=\"text-align: justify\">\n\tOtro de los m&aacute;rtires que el Cardenal Amato destac&oacute; durante la homil&iacute;a fue Carmen Godoy, de 49 a&ntilde;os, una mujer adinerada que utilizaba su dinero para obras de caridad.<\/p>\n<p style=\"text-align: justify\">\n\t&ldquo;Las milicianas se divert&iacute;an tortur&aacute;ndola y haci&eacute;ndole pasar hambre y sed. Fue herida con un pu&ntilde;al, medio ahogada en el mar y, la &uacute;ltima noche del a&ntilde;o 1936, despu&eacute;s de ser maltratada y mutilada en el pecho, fue enterrada a&uacute;n viva&rdquo;, record&oacute; el Cardenal.<\/p>\n<p style=\"text-align: justify\">\n\tEn ese sentido el Prefecto afirm&oacute; que estos son &ldquo;s&oacute;lo pocos ejemplos de personas buenas, desarmadas e inocentes que, como corderos, debieron someterse a abusos perversos&rdquo;.<\/p>\n<p style=\"text-align: justify\">\n\tTestimonios que nos ponen &ldquo;de frente, por una parte, ante la dignidad del bien y por otra, la estupidez irracional del mal&rdquo;.<\/p>\n<p style=\"text-align: justify\">\n\t&ldquo;Son los m&aacute;rtires los que nos dicen no teng&aacute;is miedo y perseverad con valent&iacute;a en la fe, porque el Se&ntilde;or Jes&uacute;s ha resucitado y est&aacute; siempre con nosotros hasta el fin del mundo&rdquo;.<\/p>\n<p style=\"text-align: justify\">\n\tConcelebraron con el Cardenal Amato el Obispo de Almer&iacute;a, Mons. Adolfo Gonz&aacute;lez, y el Obispo de Granada, Mons. Francisco Javier Mart&iacute;nez.<\/p>\n<p style=\"text-align: justify\">\n\tTambi&eacute;n participaron en la beatificaci&oacute;n, el Nuncio Apost&oacute;lica en Espa&ntilde;a, Mons. Renzo Frattini; el Cardenal Ricardo Bl&aacute;zquez, Arzobispo de Valladolid y presidente de la Conferencia Episcopal Espa&ntilde;ola; el Cardenal Carlos Osoro, Arzobispo de Madrid; el Arzobispo de Valencia, el Cardenal Antonio Ca&ntilde;izares y el Cardenal Em&eacute;rito de Sevilla, Mons. Carlos Amigo.<\/p>\n<p style=\"text-align: justify\">\n\tAdem&aacute;s de otros 18 Arzobispos y Obispos de diversas di&oacute;cesis espa&ntilde;olas.<\/p>\n<p style=\"text-align: justify\">\n\tTambi&eacute;n te puede interesar: <\/p>\n<p style=\"text-align: justify\">\n\t\tConozca la historia de Emilia, la primera gitana beatificada y m&aacute;rtir del rosario https:\/\/t.co\/MxdomF9s0H<\/p>\n<p>\t&mdash; ACI Prensa (@aciprensa) 24 de marzo de 2017<\/p>\n<p style=\"text-align: justify\">\n\t&nbsp;<\/p>\n","protected":false},"excerpt":{"rendered":"<p>MADRID, 25 Mar. 17 (ACI).- El Cardenal Angelo Amato, Prefecto de la Congregaci&oacute;n para las Causas de los Santos, presidi&oacute; este s&aacute;bado 25 de marzo en la ciudad de Almer&iacute;a la Misa de beatificaci&oacute;n de 115 m&aacute;rtires asesinados durante la persecuci&oacute;n religiosa de la Guerra Civil Espa&ntilde;ola. En su homil&iacute;a, el Purpurado afirm&oacute; que estos &hellip; <a href=\"https:\/\/www.biblia.work\/noticias\/beatifican-a-115-martires-de-almeria-asesinados-durante-guerra-civil-espanola\/\" class=\"more-link\">Continuar leyendo<span class=\"screen-reader-text\"> \u00abBeatifican a 115 m\u00e1rtires de Almer\u00eda asesinados durante Guerra Civil Espa\u00f1ola\u00bb<\/span><\/a><\/p>\n","protected":false},"author":1,"featured_media":0,"comment_status":"open","ping_status":"closed","sticky":false,"template":"","format":"standard","meta":{"footnotes":""},"categories":[1],"tags":[],"class_list":["post-13083","post","type-post","status-publish","format-standard","hentry","category-general"],"_links":{"self":[{"href":"https:\/\/www.biblia.work\/noticias\/wp-json\/wp\/v2\/posts\/13083","targetHints":{"allow":["GET"]}}],"collection":[{"href":"https:\/\/www.biblia.work\/noticias\/wp-json\/wp\/v2\/posts"}],"about":[{"href":"https:\/\/www.biblia.work\/noticias\/wp-json\/wp\/v2\/types\/post"}],"author":[{"embeddable":true,"href":"https:\/\/www.biblia.work\/noticias\/wp-json\/wp\/v2\/users\/1"}],"replies":[{"embeddable":true,"href":"https:\/\/www.biblia.work\/noticias\/wp-json\/wp\/v2\/comments?post=13083"}],"version-history":[{"count":0,"href":"https:\/\/www.biblia.work\/noticias\/wp-json\/wp\/v2\/posts\/13083\/revisions"}],"wp:attachment":[{"href":"https:\/\/www.biblia.work\/noticias\/wp-json\/wp\/v2\/media?parent=13083"}],"wp:term":[{"taxonomy":"category","embeddable":true,"href":"https:\/\/www.biblia.work\/noticias\/wp-json\/wp\/v2\/categories?post=13083"},{"taxonomy":"post_tag","embeddable":true,"href":"https:\/\/www.biblia.work\/noticias\/wp-json\/wp\/v2\/tags?post=13083"}],"curies":[{"name":"wp","href":"https:\/\/api.w.org\/{rel}","templated":true}]}}