{"id":13085,"date":"2017-03-25T10:05:03","date_gmt":"2017-03-25T15:05:03","guid":{"rendered":"http:\/\/www.biblia.work\/noticias\/el-papa-francisco-visita-a-presos-y-descansa-en-carcel-de-milan\/"},"modified":"2017-03-25T10:05:03","modified_gmt":"2017-03-25T15:05:03","slug":"el-papa-francisco-visita-a-presos-y-descansa-en-carcel-de-milan","status":"publish","type":"post","link":"https:\/\/www.biblia.work\/noticias\/el-papa-francisco-visita-a-presos-y-descansa-en-carcel-de-milan\/","title":{"rendered":"El Papa Francisco visita a presos y descansa en c\u00e1rcel de Mil\u00e1n"},"content":{"rendered":"<p> MIL\u00c1N, 25 Mar. 17 (ACI).-<br \/>\n\tUna de las etapas m&aacute;s importantes de la visita del Papa Francisco a Mil&aacute;n ha sido su visita a la c&aacute;rcel de San Vittore, donde habl&oacute; con algunos presos, almorz&oacute; con otros tantos y despu&eacute;s repos&oacute; durante unos 30 minutos en una habitaci&oacute;n del recinto.<\/p>\n<p style=\"text-align: justify\">\n\tDespu&eacute;s de rezar el &aacute;ngelus, acompa&ntilde;ado del Arzobispo de Mil&aacute;n, Cardenal Scola, se traslad&oacute; hasta la prisi&oacute;n. A su llegada fue acogido por empleados de la misma, as&iacute; como por el capell&aacute;n, P. Marco Recalcati.<\/p>\n<p style=\"text-align: justify\">\n\tEn la entrada, el Papa salud&oacute; al personal y a la direcci&oacute;n de la c&aacute;rcel, as&iacute; como a la polic&iacute;a penitenciaria. Despu&eacute;s, en varias zonas de la c&aacute;rcel, Francisco salud&oacute; a los detenidos, con algunos de los que comparti&oacute; el almuerzo luego.<\/p>\n<p style=\"text-align: justify\">\n\tEl Santo Padre y unos 100 reclusos se sentaron a una mesa de unos 50 metros y compartieron un men&uacute; t&iacute;pico milan&eacute;s: arroz con azafr&aacute;n, milanesa y papas fritas con alcachofas.<\/p>\n<p style=\"text-align: justify\">\n\t&ldquo;Su Santidad, buenos d&iacute;as, sea bienvenido. Con inmensa emoci&oacute;n le damos las gracias por esta visita suya inesperada a San Vittore, gracias por haber elegido nuestra c&aacute;rcel entre todas las de Lombardia&rdquo;, ha le&iacute;do uno de los presos en nombre de todos como saludo a Francisco, seg&uacute;n publica Avvenire.<\/p>\n<p style=\"text-align: justify\">\n\t&ldquo;Nos sentimos privilegiados y lo somos, porque con todos los males que hay en el mundo, las adversidades y las personas que sufren, que seguramente est&aacute;n m&aacute;s necesitadas, no obstante sus innumerables compromisos, como representante de la Iglesia, usted ha querido dedicarnos su tiempo&rdquo;.<\/p>\n<p style=\"text-align: justify\">\n\tLos presos aseguraron que &ldquo;su presencia es para todos un gran signo de esperanza que nos da fuerza y &aacute;nimo, restituy&eacute;ndonos esa dignidad que a menudo olvidamos y considerados &lsquo;entre los &uacute;ltimos de la sociedad&rsquo;, tenemos el riesgo de perder en la oscuridad y en la angustia de la vida carcelaria&rdquo;.<\/p>\n<p style=\"text-align: justify\">\n\tLos detenidos aseguraron querer &ldquo;tener la posibilidad de renacer y regresar a trav&eacute;s del recorrido de fe y de reeducaci&oacute;n social, a ser parte integrante del mundo exterior&rdquo;.<\/p>\n<p style=\"text-align: justify\">\n\t&ldquo;Son maravillosos el amor y las atenciones que usted demuestra por los detenidos, las palabras y los mensajes pronunciados durante sus visitas en las diversas c&aacute;rceles del mundo, con los cuales busca penetrar en los corazones de la gente y remover las conciencias de los potentes&rdquo;.<\/p>\n<p style=\"text-align: justify\">\n\tAdem&aacute;s, pidieron al Santo Padre orar por ellos &ldquo;para que nuestros errores se conviertan en sincero arrepentimiento as&iacute; como fuente de ense&ntilde;anza para no volver a equivocarnos y vivir nuestra vida futura como verdaderos hijos de Dios&rdquo;.<\/p>\n<p style=\"text-align: justify\">\n\t&ldquo;Ore con todos nosotros para que la sociedad comprenda que somos pecadores como todos, que tambi&eacute;n nosotros somos capaces de redimirnos de aquello que hemos cometido, que somos capaces de amar y de tener sentimientos como todo ser humano&rdquo;.<\/p>\n<p style=\"text-align: justify\">\n\tTambi&eacute;n le pidieron oraciones para que &ldquo;el mundo pol&iacute;tico tenga la valent&iacute;a de afrontar y resolver cuanto antes los problemas de la reforma de las c&aacute;rceles, manteniendo al mismo tiempo una alta atenci&oacute;n a la dignidad y la recuperaci&oacute;n del encarcelado&rdquo;.<\/p>\n<p style=\"text-align: justify\">\n\tTras descansar en la habitaci&oacute;n que suele ser usada por el capell&aacute;n de la c&aacute;rcel, el Pont&iacute;fice se traslad&oacute; en auto hasta el Parque de Monza para celebrar la Santa Misa.<\/p>\n<p style=\"text-align: justify\">\n\tTambi&eacute;n te puede interesar:&nbsp;<\/p>\n<p style=\"text-align: justify\">\n\t\t&iexcl;Sin alegr&iacute;a no es posible evangelizar!, advierte el Papa a sacerdotes y religiosos https:\/\/t.co\/0FumTHmt85<\/p>\n<p>\t&mdash; ACI Prensa (@aciprensa) 25 de marzo de 2017<\/p>\n<p style=\"text-align: justify\">\n\t&nbsp;<\/p>\n","protected":false},"excerpt":{"rendered":"<p>MIL\u00c1N, 25 Mar. 17 (ACI).- Una de las etapas m&aacute;s importantes de la visita del Papa Francisco a Mil&aacute;n ha sido su visita a la c&aacute;rcel de San Vittore, donde habl&oacute; con algunos presos, almorz&oacute; con otros tantos y despu&eacute;s repos&oacute; durante unos 30 minutos en una habitaci&oacute;n del recinto. Despu&eacute;s de rezar el &aacute;ngelus, &hellip; <a href=\"https:\/\/www.biblia.work\/noticias\/el-papa-francisco-visita-a-presos-y-descansa-en-carcel-de-milan\/\" class=\"more-link\">Continuar leyendo<span class=\"screen-reader-text\"> \u00abEl Papa Francisco visita a presos y descansa en c\u00e1rcel de Mil\u00e1n\u00bb<\/span><\/a><\/p>\n","protected":false},"author":1,"featured_media":0,"comment_status":"open","ping_status":"closed","sticky":false,"template":"","format":"standard","meta":{"footnotes":""},"categories":[1],"tags":[],"class_list":["post-13085","post","type-post","status-publish","format-standard","hentry","category-general"],"_links":{"self":[{"href":"https:\/\/www.biblia.work\/noticias\/wp-json\/wp\/v2\/posts\/13085","targetHints":{"allow":["GET"]}}],"collection":[{"href":"https:\/\/www.biblia.work\/noticias\/wp-json\/wp\/v2\/posts"}],"about":[{"href":"https:\/\/www.biblia.work\/noticias\/wp-json\/wp\/v2\/types\/post"}],"author":[{"embeddable":true,"href":"https:\/\/www.biblia.work\/noticias\/wp-json\/wp\/v2\/users\/1"}],"replies":[{"embeddable":true,"href":"https:\/\/www.biblia.work\/noticias\/wp-json\/wp\/v2\/comments?post=13085"}],"version-history":[{"count":0,"href":"https:\/\/www.biblia.work\/noticias\/wp-json\/wp\/v2\/posts\/13085\/revisions"}],"wp:attachment":[{"href":"https:\/\/www.biblia.work\/noticias\/wp-json\/wp\/v2\/media?parent=13085"}],"wp:term":[{"taxonomy":"category","embeddable":true,"href":"https:\/\/www.biblia.work\/noticias\/wp-json\/wp\/v2\/categories?post=13085"},{"taxonomy":"post_tag","embeddable":true,"href":"https:\/\/www.biblia.work\/noticias\/wp-json\/wp\/v2\/tags?post=13085"}],"curies":[{"name":"wp","href":"https:\/\/api.w.org\/{rel}","templated":true}]}}