{"id":13087,"date":"2017-03-25T11:05:02","date_gmt":"2017-03-25T16:05:02","guid":{"rendered":"http:\/\/www.biblia.work\/noticias\/el-papa-visita-una-casa-en-milan-no-encuentra-a-la-duena-y-la-llama-por-telefono\/"},"modified":"2017-03-25T11:05:02","modified_gmt":"2017-03-25T16:05:02","slug":"el-papa-visita-una-casa-en-milan-no-encuentra-a-la-duena-y-la-llama-por-telefono","status":"publish","type":"post","link":"https:\/\/www.biblia.work\/noticias\/el-papa-visita-una-casa-en-milan-no-encuentra-a-la-duena-y-la-llama-por-telefono\/","title":{"rendered":"El Papa visita una casa en Mil\u00e1n, no encuentra a la due\u00f1a y la llama por tel\u00e9fono"},"content":{"rendered":"<p> MIL\u00c1N, 25 Mar. 17 (ACI).-<br \/>\n\tEn su paso este s&aacute;bado por la ciudad italiana de Mil&aacute;n, el Papa Francisco visit&oacute; una casa y, al no encontrar a la due&ntilde;a, decidi&oacute; llamarla por tel&eacute;fono.<\/p>\n<p style=\"text-align: justify\">\n\t\t#PapaFrancesco visita la sua casa ma lei purtroppo per motivi di salute non c&#039;&egrave;. Il Papa la chiama al telefono#papamilano2017 #CaseBianche pic.twitter.com\/eT7k0mmzHj<\/p>\n<p>\t&mdash; Tv2000.it (@TV2000it) 25 de marzo de 2017<\/p>\n<p style=\"text-align: justify\">\n\tEn el video se aprecia al Santo Padre en una de las llamadas &ldquo;Casas Blancas&rdquo;, un conjunto de viviendas en donde habitan ancianos, pobres e inmigrantes.<\/p>\n<p style=\"text-align: justify\">\n\tAl no encontrar a la due&ntilde;a de casa que debi&oacute; ausentarse por razones de salud como indica Tv2000, el Pont&iacute;fice decidi&oacute; llamarla por tel&eacute;fono.<\/p>\n<p style=\"text-align: justify\">\n\t&ldquo;Se&ntilde;ora&hellip; buenos d&iacute;as, &iquest;C&oacute;mo est&aacute;, C&oacute;mo se siente? No muy bien, pero con achaques. Es necesario re&iacute;rse de los achaques y seguir adelante&rdquo;, afirma el Santo Padre al saludar a la mujer.<\/p>\n<p style=\"text-align: justify\">\n\tFrancisco la exhort&oacute; luego: &ldquo;Ofr&eacute;cele al Se&ntilde;or los dolores. Yo le doy la bendici&oacute;n. Te bendiga Dios Omnipotente, Padre, Hijo y Esp&iacute;ritu Santo&rdquo;.<\/p>\n<p style=\"text-align: justify\">\n\t&ldquo;Y no se olvide de rezar por m&iacute; por favor, un abrazo&rdquo;, concluy&oacute; Francisco.<\/p>\n<p style=\"text-align: justify\">\n\tTambi&eacute;n te puede interesar:<\/p>\n<p style=\"text-align: justify\">\n\t\tPapa Francisco llega a Mil&aacute;n y pide a pobres e inmigrantes dejarse &ldquo;restaurar&rdquo; por Dios https:\/\/t.co\/dH7zED2Nr2<\/p>\n<p>\t&mdash; ACI Prensa (@aciprensa) 25 de marzo de 2017<\/p>\n","protected":false},"excerpt":{"rendered":"<p>MIL\u00c1N, 25 Mar. 17 (ACI).- En su paso este s&aacute;bado por la ciudad italiana de Mil&aacute;n, el Papa Francisco visit&oacute; una casa y, al no encontrar a la due&ntilde;a, decidi&oacute; llamarla por tel&eacute;fono. #PapaFrancesco visita la sua casa ma lei purtroppo per motivi di salute non c&#039;&egrave;. Il Papa la chiama al telefono#papamilano2017 #CaseBianche pic.twitter.com\/eT7k0mmzHj &hellip; <a href=\"https:\/\/www.biblia.work\/noticias\/el-papa-visita-una-casa-en-milan-no-encuentra-a-la-duena-y-la-llama-por-telefono\/\" class=\"more-link\">Continuar leyendo<span class=\"screen-reader-text\"> \u00abEl Papa visita una casa en Mil\u00e1n, no encuentra a la due\u00f1a y la llama por tel\u00e9fono\u00bb<\/span><\/a><\/p>\n","protected":false},"author":1,"featured_media":0,"comment_status":"open","ping_status":"closed","sticky":false,"template":"","format":"standard","meta":{"footnotes":""},"categories":[1],"tags":[],"class_list":["post-13087","post","type-post","status-publish","format-standard","hentry","category-general"],"_links":{"self":[{"href":"https:\/\/www.biblia.work\/noticias\/wp-json\/wp\/v2\/posts\/13087","targetHints":{"allow":["GET"]}}],"collection":[{"href":"https:\/\/www.biblia.work\/noticias\/wp-json\/wp\/v2\/posts"}],"about":[{"href":"https:\/\/www.biblia.work\/noticias\/wp-json\/wp\/v2\/types\/post"}],"author":[{"embeddable":true,"href":"https:\/\/www.biblia.work\/noticias\/wp-json\/wp\/v2\/users\/1"}],"replies":[{"embeddable":true,"href":"https:\/\/www.biblia.work\/noticias\/wp-json\/wp\/v2\/comments?post=13087"}],"version-history":[{"count":0,"href":"https:\/\/www.biblia.work\/noticias\/wp-json\/wp\/v2\/posts\/13087\/revisions"}],"wp:attachment":[{"href":"https:\/\/www.biblia.work\/noticias\/wp-json\/wp\/v2\/media?parent=13087"}],"wp:term":[{"taxonomy":"category","embeddable":true,"href":"https:\/\/www.biblia.work\/noticias\/wp-json\/wp\/v2\/categories?post=13087"},{"taxonomy":"post_tag","embeddable":true,"href":"https:\/\/www.biblia.work\/noticias\/wp-json\/wp\/v2\/tags?post=13087"}],"curies":[{"name":"wp","href":"https:\/\/api.w.org\/{rel}","templated":true}]}}