{"id":13089,"date":"2017-03-25T11:15:02","date_gmt":"2017-03-25T16:15:02","guid":{"rendered":"http:\/\/www.biblia.work\/noticias\/el-pontifice-en-el-duomo-de-milan-es-mas-importante-iniciar-procesos-que-ocupar-espacios\/"},"modified":"2017-03-25T11:15:02","modified_gmt":"2017-03-25T16:15:02","slug":"el-pontifice-en-el-duomo-de-milan-es-mas-importante-iniciar-procesos-que-ocupar-espacios","status":"publish","type":"post","link":"https:\/\/www.biblia.work\/noticias\/el-pontifice-en-el-duomo-de-milan-es-mas-importante-iniciar-procesos-que-ocupar-espacios\/","title":{"rendered":"El Pont\u00edfice en el Duomo de Mil\u00e1n: \u2018Es m\u00e1s importante iniciar procesos que ocupar espacios\u2019"},"content":{"rendered":"<p style=\"text-align: justify\">(ZENIT \u2013 Roma, 25 Mar. 2017).- No resignarse porque somos pocos, porque \u201ccuando nos resignamos vivimos con el imaginario de un pasado glorioso que lejos de despertar el carisma inicial, nos envuelve en una espiral de pesadez existencial\u201d. Por lo tanto \u201cnos hace bien a nosotros volver a visitar los or\u00edgenes, una memoria que nos salva de cualquier imaginaci\u00f3n gloriosa pero irreal del pasado\u201d.<\/p>\n<p style=\"text-align: justify\">Lo explic\u00f3 el papa Francisco en el <em>Duomo<\/em> de Mil\u00e1n, al responder a la Madre Paola Paganoni Osc,\u00a0en el encuentro que el Pont\u00edfice tuvo este s\u00e1bado, con los sacerdotes, religiosos y consagrados.<\/p>\n<p style=\"text-align: justify\">Explic\u00f3 as\u00ed que \u201cla mayor\u00eda de nuestros padres no pensaron nunca a ser una multitud o una gran mayor\u00eda\u201d sino a renovar y edificar la Iglesia como levadura en la masa, como sal y luz del mundo.<\/p>\n<p style=\"text-align: justify\">Y si bien \u201cpor mucho tiempo hab\u00edamos cre\u00eddo que las familias religiosas ten\u00edan que ocupar espacios m\u00e1s que poner en marcha procesos\u201d. En cambio \u201choy la realidad nos interpela u nos invita a ser nuevamente un poco de levadura, un poco de sal\u201d. Porque no se puede pensar a un alimento con mucha sal o totalmente fermentado.<\/p>\n<p style=\"text-align: justify\">Hoy la realidad \u201cnos llama a poner en marcha procesos m\u00e1s que ocupar espacios, a luchar por la unidad que pegarnos a conflictos del pasado, a escuchar la realidad, a abrirnos a la &#8216;masa&#8217;, al santo Pueblo fiel de Dios, de todo eclesial\u201d.<\/p>\n<p style=\"text-align: justify\">&#8220;Lo que el Papa les puede decir es : &#8220;vayan en las periferias, vayan a los confines para encontrar al Se\u00f1or, a renovar la misi\u00f3n de los or\u00edgenes, a la Galilea del primer encuentro\u201d.<\/p>\n<p style=\"text-align: justify\">Les invit\u00f3 tambi\u00e9n a \u201cestar m\u00e1s atentos a las fragilidades que nos circundan y transformarlas en espacios de bendici\u00f3n\u201d. Vayan y lleven la unci\u00f3n de Cristo, dijo, y \u201cno se olviden que cuando ponemos a Jes\u00fas en medio de su pueblo se encuentra la alegr\u00eda\u201d.<\/p>\n<p style=\"text-align: justify\">Al concluir su visita a la catedral de Mil\u00e1n, el Santo Padre rez\u00f3 la oraci\u00f3n del \u00e1ngelus en la explanada que da a la plaza.<\/p>\n<p><span class=\"et_bloom_bottom_trigger\"><\/span><\/p>\n<p><a href=\"https:\/\/es.zenit.org\/\" target=\"_blank\" rel=\"nofollow\">Fuente: es.zenit.org<\/a><\/p>\n","protected":false},"excerpt":{"rendered":"<p>(ZENIT \u2013 Roma, 25 Mar. 2017).- No resignarse porque somos pocos, porque \u201ccuando nos resignamos vivimos con el imaginario de un pasado glorioso que lejos de despertar el carisma inicial, nos envuelve en una espiral de pesadez existencial\u201d. Por lo tanto \u201cnos hace bien a nosotros volver a visitar los or\u00edgenes, una memoria que nos &hellip; <a href=\"https:\/\/www.biblia.work\/noticias\/el-pontifice-en-el-duomo-de-milan-es-mas-importante-iniciar-procesos-que-ocupar-espacios\/\" class=\"more-link\">Continuar leyendo<span class=\"screen-reader-text\"> \u00abEl Pont\u00edfice en el Duomo de Mil\u00e1n: \u2018Es m\u00e1s importante iniciar procesos que ocupar espacios\u2019\u00bb<\/span><\/a><\/p>\n","protected":false},"author":1,"featured_media":0,"comment_status":"open","ping_status":"closed","sticky":false,"template":"","format":"standard","meta":{"footnotes":""},"categories":[1],"tags":[],"class_list":["post-13089","post","type-post","status-publish","format-standard","hentry","category-general"],"_links":{"self":[{"href":"https:\/\/www.biblia.work\/noticias\/wp-json\/wp\/v2\/posts\/13089","targetHints":{"allow":["GET"]}}],"collection":[{"href":"https:\/\/www.biblia.work\/noticias\/wp-json\/wp\/v2\/posts"}],"about":[{"href":"https:\/\/www.biblia.work\/noticias\/wp-json\/wp\/v2\/types\/post"}],"author":[{"embeddable":true,"href":"https:\/\/www.biblia.work\/noticias\/wp-json\/wp\/v2\/users\/1"}],"replies":[{"embeddable":true,"href":"https:\/\/www.biblia.work\/noticias\/wp-json\/wp\/v2\/comments?post=13089"}],"version-history":[{"count":0,"href":"https:\/\/www.biblia.work\/noticias\/wp-json\/wp\/v2\/posts\/13089\/revisions"}],"wp:attachment":[{"href":"https:\/\/www.biblia.work\/noticias\/wp-json\/wp\/v2\/media?parent=13089"}],"wp:term":[{"taxonomy":"category","embeddable":true,"href":"https:\/\/www.biblia.work\/noticias\/wp-json\/wp\/v2\/categories?post=13089"},{"taxonomy":"post_tag","embeddable":true,"href":"https:\/\/www.biblia.work\/noticias\/wp-json\/wp\/v2\/tags?post=13089"}],"curies":[{"name":"wp","href":"https:\/\/api.w.org\/{rel}","templated":true}]}}