{"id":13090,"date":"2017-03-25T12:15:02","date_gmt":"2017-03-25T17:15:02","guid":{"rendered":"http:\/\/www.biblia.work\/noticias\/misa-en-monza-el-papa-invita-a-perder-el-tiempo-con-la-familia-la-solidaridad-y-la-memoria\/"},"modified":"2017-03-25T12:15:02","modified_gmt":"2017-03-25T17:15:02","slug":"misa-en-monza-el-papa-invita-a-perder-el-tiempo-con-la-familia-la-solidaridad-y-la-memoria","status":"publish","type":"post","link":"https:\/\/www.biblia.work\/noticias\/misa-en-monza-el-papa-invita-a-perder-el-tiempo-con-la-familia-la-solidaridad-y-la-memoria\/","title":{"rendered":"Misa en Monza: El Papa invita a \u2018perder el tiempo\u2019 con la familia, la solidaridad y la memoria"},"content":{"rendered":"<p style=\"text-align: justify\">(ZENIT \u2013 Roma, 25 Mar. 2017).- El Santo Padre ha se\u00f1alado que cuando todo se acelera para construir una sociedad mejor, \u201cal final no hay tiempo para nada y para nadie\u201d, o sea una de las paradojas m\u00e1s evidentes del mundo contempor\u00e1neo, porque \u201cel ritmo vertiginoso al cual estamos supeditados parecer\u00eda robarnos la esperanza y la alegr\u00eda\u201d, dijo.<\/p>\n<p style=\"text-align: justify\">Lo ha se\u00f1alado el Papa en la homil\u00eda de la misa en el parque de Monza, en el que este s\u00e1bado por la tarde estuvieron aproximadamente un mill\u00f3n de personas.<\/p>\n<p style=\"text-align: justify\">El Papa invit\u00f3 as\u00ed a \u201csaber &#8216;perder el tiempo&#8217; para la familia, para la comunidad, para la amistad, para la solidaridad y para la memoria\u201d. Y a preguntarnos \u00bfc\u00f3mo es posible vivir la alegr\u00eda del Evangelio hoy en el interior de nuestras ciudades? \u00bfEs posible la esperanza cristiana en esta situaci\u00f3n aqu\u00ed y ahora?<\/p>\n<p style=\"text-align: justify\">Dos preguntas que \u201ctocan nuestra identidad, la vida de nuestras familias, de nuestros pueblos y ciudades. Tocan a nuestros hijos, a nuestros j\u00f3venes\u201d. Porque \u201cno podemos y no queremos quedarnos delante de tantas situaciones dolorosas como meros espectadores que miran al cielo esperando que deje de llover\u201d. O sea \u201ccon la audacia de quien sabe que la alegr\u00eda de la salvaci\u00f3n toma forma en la vida cotidiana en la casa de una joven de Nazaret\u201d.<\/p>\n<p style=\"text-align: justify\">El Papa indic\u00f3 tambi\u00e9n que \u201cse especula sobre la vida, el trabajo, la familia. Se especula sobre los pobres, migrantes; se especula sobre los j\u00f3venes y su futuro\u201d. Y a\u00f1adi\u00f3 que \u201ctodo parece reducirse a cifras, dejando que la vida cotidiana de tantas familias se ti\u00f1a de precariedad y de inseguridad\u201d.<\/p>\n<p style=\"text-align: justify\">Recordando a Nazaret, un pueblo perdido en Palestina, donde se registr\u00f3 la anunciaci\u00f3n del \u00e1ngel a Mar\u00eda, el Papa ha se\u00f1alado que el nuevo encuentro de Dios con su pueblo se realizar\u00e1 en lugares que no esperamos, en los m\u00e1rgenes, en las periferias. \u201cDios toma la iniciativa y decide insertarse, como hizo con Mar\u00eda, en nuestras casas, en nuestras luchas cotidianas\u201d. O sea \u201cen el interior de nuestras ciudades, plazas, hospitales que se realiza el anuncio m\u00e1s bello que podemos escuchar: &#8216;\u00a1Al\u00e9grate, el Se\u00f1or est\u00e1 contigo&#8217;\u201d. Una alegr\u00eda \u201cque se vuelve solidaridad, hospitalidad, misericordia hacia todos\u201d.<\/p>\n<p><span class=\"et_bloom_bottom_trigger\"><\/span><\/p>\n<p><a href=\"https:\/\/es.zenit.org\/\" target=\"_blank\" rel=\"nofollow\">Fuente: es.zenit.org<\/a><\/p>\n","protected":false},"excerpt":{"rendered":"<p>(ZENIT \u2013 Roma, 25 Mar. 2017).- El Santo Padre ha se\u00f1alado que cuando todo se acelera para construir una sociedad mejor, \u201cal final no hay tiempo para nada y para nadie\u201d, o sea una de las paradojas m\u00e1s evidentes del mundo contempor\u00e1neo, porque \u201cel ritmo vertiginoso al cual estamos supeditados parecer\u00eda robarnos la esperanza y &hellip; <a href=\"https:\/\/www.biblia.work\/noticias\/misa-en-monza-el-papa-invita-a-perder-el-tiempo-con-la-familia-la-solidaridad-y-la-memoria\/\" class=\"more-link\">Continuar leyendo<span class=\"screen-reader-text\"> \u00abMisa en Monza: El Papa invita a \u2018perder el tiempo\u2019 con la familia, la solidaridad y la memoria\u00bb<\/span><\/a><\/p>\n","protected":false},"author":1,"featured_media":0,"comment_status":"open","ping_status":"closed","sticky":false,"template":"","format":"standard","meta":{"footnotes":""},"categories":[1],"tags":[],"class_list":["post-13090","post","type-post","status-publish","format-standard","hentry","category-general"],"_links":{"self":[{"href":"https:\/\/www.biblia.work\/noticias\/wp-json\/wp\/v2\/posts\/13090","targetHints":{"allow":["GET"]}}],"collection":[{"href":"https:\/\/www.biblia.work\/noticias\/wp-json\/wp\/v2\/posts"}],"about":[{"href":"https:\/\/www.biblia.work\/noticias\/wp-json\/wp\/v2\/types\/post"}],"author":[{"embeddable":true,"href":"https:\/\/www.biblia.work\/noticias\/wp-json\/wp\/v2\/users\/1"}],"replies":[{"embeddable":true,"href":"https:\/\/www.biblia.work\/noticias\/wp-json\/wp\/v2\/comments?post=13090"}],"version-history":[{"count":0,"href":"https:\/\/www.biblia.work\/noticias\/wp-json\/wp\/v2\/posts\/13090\/revisions"}],"wp:attachment":[{"href":"https:\/\/www.biblia.work\/noticias\/wp-json\/wp\/v2\/media?parent=13090"}],"wp:term":[{"taxonomy":"category","embeddable":true,"href":"https:\/\/www.biblia.work\/noticias\/wp-json\/wp\/v2\/categories?post=13090"},{"taxonomy":"post_tag","embeddable":true,"href":"https:\/\/www.biblia.work\/noticias\/wp-json\/wp\/v2\/tags?post=13090"}],"curies":[{"name":"wp","href":"https:\/\/api.w.org\/{rel}","templated":true}]}}