{"id":13091,"date":"2017-03-25T12:15:02","date_gmt":"2017-03-25T17:15:02","guid":{"rendered":"http:\/\/www.biblia.work\/noticias\/el-pontifice-visita-la-carcel-san-vittore\/"},"modified":"2017-03-25T12:15:02","modified_gmt":"2017-03-25T17:15:02","slug":"el-pontifice-visita-la-carcel-san-vittore","status":"publish","type":"post","link":"https:\/\/www.biblia.work\/noticias\/el-pontifice-visita-la-carcel-san-vittore\/","title":{"rendered":"El Pont\u00edfice visita la c\u00e1rcel San Vittore"},"content":{"rendered":"<p style=\"text-align: justify\">(ZENIT \u2013 Roma, 25 Mar. 2017).- En la ciudad de Mil\u00e1n el santo padre Francisco visit\u00f3 la c\u00e1rcel de San Vittore, en donde por tres horas estuvo lejos de las telec\u00e1maras. Despu\u00e9s de la visita a un barrio perif\u00e9rico de la ciudad, y del encuentro con el clero, religiosos y religiosas en el Duomo de Mil\u00e1n, de rezar el \u00e1ngelus en la explanada que da a la plaza, lleg\u00f3 a la prisi\u00f3n de la ciudad, donde fue recibido por las autoridades locales.<\/p>\n<p style=\"text-align: justify\">En el corredor de ingreso el Papa salud\u00f3 al personal de la polic\u00eda penitenciaria, y despu\u00e9s en las diversas \u00e1reas de la estructura salud\u00f3 a cada uno de los detenidos, muchos de ellos de origen extranjero. A las 12:30 almorz\u00f3 con unos cien detenidos, en el en tercer pabell\u00f3n. Antes de transferirse en auto a la cercana ciudad de Monza, el Santo Padre decidi\u00f3 descansar no en el arzobispado, sino hacer una siesta en el interior de la c\u00e1rcel, en la habitaci\u00f3n del capell\u00e1n.<\/p>\n<p style=\"text-align: justify\">Es la primera vez que un Pont\u00edfice ingresa en esta prisi\u00f3n, construido en 1879, cuenta con 779 agentes de polic\u00eda y los detenidos son 893. Es una c\u00e1rcel judiciaria y no penal. O sea los reclusos se encuentran en fase de juicio y la permanencia media es de 9 a 12 meses. Hay diversos sectores: el femenino, el cl\u00ednico, el de j\u00f3venes adultos, el de quien sufre dependencias, el de los peligrosos, adem\u00e1s del de delitos comunes.<\/p>\n<p style=\"text-align: justify\">Est\u00e1n presentes en esta c\u00e1rcel, dos sacerdotes, un di\u00e1cono, diez monjas y cuatro seminaristas.<\/p>\n<p><span class=\"et_bloom_bottom_trigger\"><\/span><\/p>\n<p><a href=\"https:\/\/es.zenit.org\/\" target=\"_blank\" rel=\"nofollow\">Fuente: es.zenit.org<\/a><\/p>\n","protected":false},"excerpt":{"rendered":"<p>(ZENIT \u2013 Roma, 25 Mar. 2017).- En la ciudad de Mil\u00e1n el santo padre Francisco visit\u00f3 la c\u00e1rcel de San Vittore, en donde por tres horas estuvo lejos de las telec\u00e1maras. Despu\u00e9s de la visita a un barrio perif\u00e9rico de la ciudad, y del encuentro con el clero, religiosos y religiosas en el Duomo de &hellip; <a href=\"https:\/\/www.biblia.work\/noticias\/el-pontifice-visita-la-carcel-san-vittore\/\" class=\"more-link\">Continuar leyendo<span class=\"screen-reader-text\"> \u00abEl Pont\u00edfice visita la c\u00e1rcel San Vittore\u00bb<\/span><\/a><\/p>\n","protected":false},"author":1,"featured_media":0,"comment_status":"open","ping_status":"closed","sticky":false,"template":"","format":"standard","meta":{"footnotes":""},"categories":[1],"tags":[],"class_list":["post-13091","post","type-post","status-publish","format-standard","hentry","category-general"],"_links":{"self":[{"href":"https:\/\/www.biblia.work\/noticias\/wp-json\/wp\/v2\/posts\/13091","targetHints":{"allow":["GET"]}}],"collection":[{"href":"https:\/\/www.biblia.work\/noticias\/wp-json\/wp\/v2\/posts"}],"about":[{"href":"https:\/\/www.biblia.work\/noticias\/wp-json\/wp\/v2\/types\/post"}],"author":[{"embeddable":true,"href":"https:\/\/www.biblia.work\/noticias\/wp-json\/wp\/v2\/users\/1"}],"replies":[{"embeddable":true,"href":"https:\/\/www.biblia.work\/noticias\/wp-json\/wp\/v2\/comments?post=13091"}],"version-history":[{"count":0,"href":"https:\/\/www.biblia.work\/noticias\/wp-json\/wp\/v2\/posts\/13091\/revisions"}],"wp:attachment":[{"href":"https:\/\/www.biblia.work\/noticias\/wp-json\/wp\/v2\/media?parent=13091"}],"wp:term":[{"taxonomy":"category","embeddable":true,"href":"https:\/\/www.biblia.work\/noticias\/wp-json\/wp\/v2\/categories?post=13091"},{"taxonomy":"post_tag","embeddable":true,"href":"https:\/\/www.biblia.work\/noticias\/wp-json\/wp\/v2\/tags?post=13091"}],"curies":[{"name":"wp","href":"https:\/\/api.w.org\/{rel}","templated":true}]}}