{"id":13098,"date":"2017-03-25T14:15:03","date_gmt":"2017-03-25T19:15:03","guid":{"rendered":"http:\/\/www.biblia.work\/noticias\/francisco-explica-en-san-siro-como-educar-a-los-hijos\/"},"modified":"2017-03-25T14:15:03","modified_gmt":"2017-03-25T19:15:03","slug":"francisco-explica-en-san-siro-como-educar-a-los-hijos","status":"publish","type":"post","link":"https:\/\/www.biblia.work\/noticias\/francisco-explica-en-san-siro-como-educar-a-los-hijos\/","title":{"rendered":"Francisco explica en San Siro, c\u00f3mo educar a los hijos"},"content":{"rendered":"<p style=\"text-align: justify\">(ZENIT &#8211; Roma).- Respondiendo a un matrimonio que le interrog\u00f3 c\u00f3mo transmitir la fe a los hijos, el Papa respondi\u00f3 con la pregunta &#8216;\u00bfQui\u00e9n me ayud\u00f3 en la fe?: pap\u00e1, mam\u00e1, una catequista, un vecino. Todos llevamos a alguno que nos ayud\u00f3&#8217;, dijo.<\/p>\n<p style=\"text-align: justify\">Lo hizo en el estadio milan\u00e9s de San Siro con capacidad para 80 mil personas, en un evento dedicado en particular a los j\u00f3venes reci\u00e9n confirmados o a los que est\u00e1n por recibir este sacramento.<\/p>\n<p style=\"text-align: justify\">\u201cA mi me ayud\u00f3 a crecer tanto a crecer en la fe, un sacerdote de la di\u00f3cesis de Lodi, un lombardo, que me bautiz\u00f3, y que visit\u00e9 durante mi vida, y que me acompa\u00f1\u00f3 hasta la entrada al noviciado\u201d. Y dirigi\u00e9ndose a los presentes, a\u00f1adi\u00f3: \u201clo debo tambi\u00e9n a ustedes, gracias\u201d.<\/p>\n<p style=\"text-align: justify\">\u00bfPor qu\u00e9?, pregunt\u00f3, Porque nuestros hijos nos miran constantemente, aunque no nos demos cuenta, ellos aprenden. Los ni\u00f1os nos miran, <em>&#8216;I bambini ci guardano&#8217;<\/em> como el t\u00edtulo de un film de Vittorio De Sica. Pel\u00edculas del post\u00a0II Guerra, que fueron una catequesis de humanidad, dijo.<\/p>\n<p style=\"text-align: justify\">\u201cY no se imaginan la angustia que tiene un ni\u00f1o cuando los pap\u00e1s se pelean o se separan. Porque la cuenta la pagan ellos\u201d. Ellos captan todo, dijo el Papa, incluso cuando los enga\u00f1amos, porque son viv\u00edsimos. Por lo tanto cuiden su coraz\u00f3n, su alegr\u00eda, su esperanza. A\u00f1adi\u00f3 que ellos \u201cmemorizan como la fe es una de las mejores herencias que recibieron de sus abuelos\u201d, as\u00ed como ayuda a enfrentar las dificultades.<\/p>\n<p style=\"text-align: justify\">Y si como dice el refr\u00e1n: \u201cA las palabras se las lleva el viento\u201d, en cambio \u201clo que se siembra en el coraz\u00f3n queda para siempre\u201d.<\/p>\n<p style=\"text-align: justify\">Consider\u00f3 muy lindo cuando las familias van a misa y despu\u00e9s hacen un paseo, tambi\u00e9n con otras familias, para jugar y estar un poco juntos, lo que dijo en su pa\u00eds se llama \u201cdominguear\u201d.<\/p>\n<p style=\"text-align: justify\">Lament\u00f3 entretanto \u201cque muchos pap\u00e1s tengan que trabajar el domingo para dar de comer a sus hijos\u201d y cont\u00f3 que a veces pregunta a los pap\u00e1s, \u00bfJuegas con tus hijos?<\/p>\n<p style=\"text-align: justify\">Cont\u00f3 cuando una madre en Buenos Aires con sus hijos &#8211;com\u00edan justamente milanesas, recalc\u00f3&#8211; cuando llega un mendigo que pide comida, la mam\u00e1 le pregunto si le daban y los ni\u00f1os dijeron que s\u00ed. Les invit\u00f3 as\u00ed a dar un pedazo de la cada una de ellos y no de las que estaban en la fuente porque eran para despu\u00e9s. As\u00ed, asegur\u00f3, se educaba a la solidaridad.<\/p>\n<p><span class=\"et_bloom_bottom_trigger\"><\/span><\/p>\n<p><a href=\"https:\/\/es.zenit.org\/\" target=\"_blank\" rel=\"nofollow\">Fuente: es.zenit.org<\/a><\/p>\n","protected":false},"excerpt":{"rendered":"<p>(ZENIT &#8211; Roma).- Respondiendo a un matrimonio que le interrog\u00f3 c\u00f3mo transmitir la fe a los hijos, el Papa respondi\u00f3 con la pregunta &#8216;\u00bfQui\u00e9n me ayud\u00f3 en la fe?: pap\u00e1, mam\u00e1, una catequista, un vecino. Todos llevamos a alguno que nos ayud\u00f3&#8217;, dijo. Lo hizo en el estadio milan\u00e9s de San Siro con capacidad para &hellip; <a href=\"https:\/\/www.biblia.work\/noticias\/francisco-explica-en-san-siro-como-educar-a-los-hijos\/\" class=\"more-link\">Continuar leyendo<span class=\"screen-reader-text\"> \u00abFrancisco explica en San Siro, c\u00f3mo educar a los hijos\u00bb<\/span><\/a><\/p>\n","protected":false},"author":1,"featured_media":0,"comment_status":"open","ping_status":"closed","sticky":false,"template":"","format":"standard","meta":{"footnotes":""},"categories":[1],"tags":[],"class_list":["post-13098","post","type-post","status-publish","format-standard","hentry","category-general"],"_links":{"self":[{"href":"https:\/\/www.biblia.work\/noticias\/wp-json\/wp\/v2\/posts\/13098","targetHints":{"allow":["GET"]}}],"collection":[{"href":"https:\/\/www.biblia.work\/noticias\/wp-json\/wp\/v2\/posts"}],"about":[{"href":"https:\/\/www.biblia.work\/noticias\/wp-json\/wp\/v2\/types\/post"}],"author":[{"embeddable":true,"href":"https:\/\/www.biblia.work\/noticias\/wp-json\/wp\/v2\/users\/1"}],"replies":[{"embeddable":true,"href":"https:\/\/www.biblia.work\/noticias\/wp-json\/wp\/v2\/comments?post=13098"}],"version-history":[{"count":0,"href":"https:\/\/www.biblia.work\/noticias\/wp-json\/wp\/v2\/posts\/13098\/revisions"}],"wp:attachment":[{"href":"https:\/\/www.biblia.work\/noticias\/wp-json\/wp\/v2\/media?parent=13098"}],"wp:term":[{"taxonomy":"category","embeddable":true,"href":"https:\/\/www.biblia.work\/noticias\/wp-json\/wp\/v2\/categories?post=13098"},{"taxonomy":"post_tag","embeddable":true,"href":"https:\/\/www.biblia.work\/noticias\/wp-json\/wp\/v2\/tags?post=13098"}],"curies":[{"name":"wp","href":"https:\/\/api.w.org\/{rel}","templated":true}]}}