{"id":13099,"date":"2017-03-25T14:15:03","date_gmt":"2017-03-25T19:15:03","guid":{"rendered":"http:\/\/www.biblia.work\/noticias\/camino-de-luz-iv-domingo-de-cuaresma\/"},"modified":"2017-03-25T14:15:03","modified_gmt":"2017-03-25T19:15:03","slug":"camino-de-luz-iv-domingo-de-cuaresma","status":"publish","type":"post","link":"https:\/\/www.biblia.work\/noticias\/camino-de-luz-iv-domingo-de-cuaresma\/","title":{"rendered":"Camino de luz \u2013 IV Domingo de Cuaresma"},"content":{"rendered":"<p style=\"text-align: justify\">I Samuel 16, 1. 6-7, 10-13: <i>\u201cEl Se\u00f1or se fija en los corazones\u201d<br \/>\n<\/i><span style=\"font-size: large\">Salmo 22: <i>\u201cEl Se\u00f1or es mi pastor, nada me faltar\u00e1\u201d<br \/>\n<\/i><\/span><span style=\"font-size: large\">Efesios 5, 8-14: <i>\u201cVivan como hijos de la luz\u201d<br \/>\n<\/i><\/span><span style=\"font-size: large\">San Juan 9, 1-41: <i>\u201c\u201dFui, me lav\u00e9 y comenc\u00e9 a ver\u201d<\/i><\/span><\/p>\n<p align=\"JUSTIFY\"><span style=\"font-size: large\">El camino de la Cuaresma est\u00e1 lleno de signos que nos ayudan a comprenderla y profundizarla. San Juan nos sorprende al presentarnos a Jes\u00fas como la luz verdadera. Lo hace a trav\u00e9s de una narraci\u00f3n viva y contrastante donde los sencillos descubren la luz y los sabios se quedan en oscuridad. Son las se\u00f1ales que muestran el camino a todo creyente que pretende encontrar a Cristo e iluminar su vida. Deber\u00edamos leer y releer atentamente esta narraci\u00f3n del ciego de nacimiento porque cada palabra, cada personaje y cada detalle tienen una ense\u00f1anza para nuestra vida interior. Colocarnos en el lugar de cada uno de los personajes y experimentar sus sentimientos. Encontrar a Jes\u00fas siempre implica un gran cambio en la vida, una transformaci\u00f3n interior y un riesgo que involucra toda nuestra persona. Simplemente con contemplar la imagen del hombre tirado, pidiendo limosna, a expensas de la misericordia, de la voluntad o del humor de los que pasaban, y contrastarla con la imagen del hombre libre que es capaz de oponerse a quienes lo acusan y acosan, y que opta por una verdadera confesi\u00f3n de fe, nos mover\u00eda a desear para nosotros esa misma libertad en b\u00fasqueda de la verdad. Encontrar a Jes\u00fas siempre iluminar\u00e1 nuestra vida y nuestras opciones.<\/span><\/p>\n<p align=\"JUSTIFY\"><span style=\"font-size: large\">No hay peor ciego que el que no quiere ver y San Juan lo muestra muy claro. El inicio de la narraci\u00f3n, adem\u00e1s de describirnos levemente la situaci\u00f3n del ciego, nos presenta la miop\u00eda de los disc\u00edpulos, fieles exponentes de las creencias de su tiempo. Mirar todo bajo la \u00f3ptica del pecado y de la acusaci\u00f3n: echar culpas sobre los otros y analizar las situaciones sin aportar nuestros esfuerzos, son pr\u00e1cticas de todos los tiempos. Pero Jes\u00fas no mira as\u00ed. Jes\u00fas entiende aun las peores situaciones como momentos de gracia y siempre encuentra la oportunidad para que \u201cse manifiesten las obras de Dios\u201d. En el lodo y la saliva muchos estudiosos pretenden ver como una nueva creaci\u00f3n que nos llevar\u00eda hasta la magn\u00edfica narraci\u00f3n del soplo divino dando vida al barro moldeado para crear a Ad\u00e1n. Mirar todo con los ojos del amor creador del Padre y no con los ojos de la destrucci\u00f3n y de la maldad, mirar cada d\u00eda como un regalo del Dios de la vida y como una oportunidad para continuar su creaci\u00f3n, ser\u00edan una buena forma de querer ver con los ojos de Dios. Jes\u00fas mira m\u00e1s all\u00e1 de la miseria o de las aparentes grandezas de los hombres para encontrar en el interior el sufrimiento y transformar en liberaci\u00f3n y vida lo que parec\u00edan ataduras. Siempre la mirada de Jes\u00fas va hasta el interior de la persona y encuentra motivos para dar alabanza a su Padre. <\/span><\/p>\n<p align=\"JUSTIFY\"><span style=\"font-size: large\">A continuaci\u00f3n aparecen los fariseos. Para ellos es m\u00e1s importante la ley que la vida. Ya desde aquel tiempo val\u00edan m\u00e1s las normas que la persona e importaban m\u00e1s los propios intereses que el dolor humano. Las luchas por el poder y el prestigio son m\u00e1s fuertes que el cuidado y bienestar de los m\u00e1s peque\u00f1os. Lo triste es que no se dan cuenta. Desde su \u00f3ptica creen cumplir con Dios y tambi\u00e9n con la humanidad y lo \u00fanico que hacen es utilizar tanto a Dios como a las personas para su ego\u00edsmo. Es la constante realidad de quien a sus ojos y a su coraz\u00f3n le pone las gafas de la utilidad, de las normas y de las estructuras. Como los fariseos nos parecen rid\u00edculos, tambi\u00e9n as\u00ed aparecen nuestros programas, los planteamientos neoliberales, los negocios de las potencias y los pleitos de los partidos pol\u00edticos que pasan por encima de la persona. Buscando sus propios intereses, los disfrazan del deseo de servir y de la necesidad del pueblo. Por eso son tan contradictorios. As\u00ed tambi\u00e9n actuamos cada uno de nosotros cuando descalificamos a las personas, cuando las despedimos sin atender sus necesidades, cuando nos escudamos en supuestas leyes. No miramos el coraz\u00f3n del otro. Ya le dec\u00eda el Se\u00f1or a Samuel: \u201cEl hombre se fija en las apariencias, pero el Se\u00f1or se fija en los corazones\u201d. \u00bfPodremos mirar a la persona por encima de las apariencias?<\/span><\/p>\n<p align=\"JUSTIFY\"><span style=\"font-size: large\">Ante los acontecimientos siempre aparecen los indiferentes. Los curiosos y los padres nos presentan a quien mira con ojos quiz\u00e1s de simpat\u00eda pero no de compromiso. Podemos sentir l\u00e1stima de las masas ingentes de hambrientos, hacer algunas preguntas de inter\u00e9s pero sin comprometernos porque implica poner en riesgo nuestra comodidad y nuestra seguridad. Clar\u00edsima la respuesta de los pap\u00e1s, afirmando que son conscientes de todo el problema pero tambi\u00e9n lav\u00e1ndose las manos: \u201cPreg\u00fantenselo a \u00e9l; ya tiene edad suficiente y responder\u00e1 por s\u00ed mismo\u201d. Quiz\u00e1s sea el espejo de muchos que hablamos y denunciamos las injusticias y la mentira, pero que despu\u00e9s no estamos dispuestos a afrontar las consecuencias ni en la vida personal, ni en los riesgos que nuestra denuncia conlleva. Es f\u00e1cil quejarse de la violencia y hacerse desentendido. Es hasta un prestigio hablar de la pobreza y la miseria, pero si no nos lleva a ocupar un lugar entre los pobres queda en demagogia. Es sabio hablar de Dios, pero es comprometedor mirar con sus criterios. San Pablo nos da criterios claros para ver si nuestra mirada es de luz, cuando actuemos con bondad, con santidad y con verdad seremos de la luz. <\/span><\/p>\n<p align=\"JUSTIFY\"><span style=\"font-size: large\">El ciego, en cambio, se transforma en luz. Primero se deja amar y levantar por Jes\u00fas. No opone resistencia ni quiere continuar con su mismo estilo de vida: dependiendo de los otros. Crece pero tambi\u00e9n acepta el reto que da la independencia. Comienza simplemente narrando los hechos, pero decir la verdad compromete cada vez m\u00e1s y empieza a vivir la oposici\u00f3n. Descubre entonces que Cristo es un profeta porque le ha devuelto la luz aunque tenga que contradecir a los fariseos que lo acusan de impostor. Entonces es expulsado pero encuentra libertad. Y llega al fin a un encuentro pleno con Jes\u00fas, no s\u00f3lo con el curandero, no s\u00f3lo con el profeta, sino con el Hijo del hombre que dialoga con \u00e9l, que le da nueva luz. Y exclama jubiloso: \u201cCreo, Se\u00f1or\u201d. Es el camino de la oscuridad a la luz, desde el mirar y pensar con los criterios humanos, hasta el mirar y pensar con los criterios de Jes\u00fas. \u00bfNosotros con qu\u00e9 ojos miramos el mundo? \u00bfCon qu\u00e9 criterios estamos actuando? \u00bfC\u00f3mo ha sido nuestro seguimiento de Jes\u00fas? El camino para descubrir a Jes\u00fas es din\u00e1mico. No termina, cada d\u00eda debemos iluminar nuestro coraz\u00f3n con la luz de su amor y cada d\u00eda debemos confrontar nuestras obras con sus criterios.<\/span><\/p>\n<p align=\"JUSTIFY\"><span style=\"font-size: large\"><i>Gracias, Padre, por tu Hijo Jes\u00fas que ilumina toda nuestra vida. Cond\u00facenos por el camino de la luz para, dejando nuestra ceguera cong\u00e9nita, acojamos la verdad de Cristo y caminemos como hijos de la luz. Am\u00e9n.<\/i><\/span><\/p>\n<p><span class=\"et_bloom_bottom_trigger\"><\/span><\/p>\n<p><a href=\"https:\/\/es.zenit.org\/\" target=\"_blank\" rel=\"nofollow\">Fuente: es.zenit.org<\/a><\/p>\n","protected":false},"excerpt":{"rendered":"<p>I Samuel 16, 1. 6-7, 10-13: \u201cEl Se\u00f1or se fija en los corazones\u201d Salmo 22: \u201cEl Se\u00f1or es mi pastor, nada me faltar\u00e1\u201d Efesios 5, 8-14: \u201cVivan como hijos de la luz\u201d San Juan 9, 1-41: \u201c\u201dFui, me lav\u00e9 y comenc\u00e9 a ver\u201d El camino de la Cuaresma est\u00e1 lleno de signos que nos ayudan &hellip; <a href=\"https:\/\/www.biblia.work\/noticias\/camino-de-luz-iv-domingo-de-cuaresma\/\" class=\"more-link\">Continuar leyendo<span class=\"screen-reader-text\"> \u00abCamino de luz \u2013 IV Domingo de Cuaresma\u00bb<\/span><\/a><\/p>\n","protected":false},"author":1,"featured_media":0,"comment_status":"open","ping_status":"closed","sticky":false,"template":"","format":"standard","meta":{"footnotes":""},"categories":[1],"tags":[],"class_list":["post-13099","post","type-post","status-publish","format-standard","hentry","category-general"],"_links":{"self":[{"href":"https:\/\/www.biblia.work\/noticias\/wp-json\/wp\/v2\/posts\/13099","targetHints":{"allow":["GET"]}}],"collection":[{"href":"https:\/\/www.biblia.work\/noticias\/wp-json\/wp\/v2\/posts"}],"about":[{"href":"https:\/\/www.biblia.work\/noticias\/wp-json\/wp\/v2\/types\/post"}],"author":[{"embeddable":true,"href":"https:\/\/www.biblia.work\/noticias\/wp-json\/wp\/v2\/users\/1"}],"replies":[{"embeddable":true,"href":"https:\/\/www.biblia.work\/noticias\/wp-json\/wp\/v2\/comments?post=13099"}],"version-history":[{"count":0,"href":"https:\/\/www.biblia.work\/noticias\/wp-json\/wp\/v2\/posts\/13099\/revisions"}],"wp:attachment":[{"href":"https:\/\/www.biblia.work\/noticias\/wp-json\/wp\/v2\/media?parent=13099"}],"wp:term":[{"taxonomy":"category","embeddable":true,"href":"https:\/\/www.biblia.work\/noticias\/wp-json\/wp\/v2\/categories?post=13099"},{"taxonomy":"post_tag","embeddable":true,"href":"https:\/\/www.biblia.work\/noticias\/wp-json\/wp\/v2\/tags?post=13099"}],"curies":[{"name":"wp","href":"https:\/\/api.w.org\/{rel}","templated":true}]}}