{"id":13100,"date":"2017-03-25T14:15:03","date_gmt":"2017-03-25T19:15:03","guid":{"rendered":"http:\/\/www.biblia.work\/noticias\/beata-magdalena-catalina-morano-26-de-marzo-2\/"},"modified":"2017-03-25T14:15:03","modified_gmt":"2017-03-25T19:15:03","slug":"beata-magdalena-catalina-morano-26-de-marzo-2","status":"publish","type":"post","link":"https:\/\/www.biblia.work\/noticias\/beata-magdalena-catalina-morano-26-de-marzo-2\/","title":{"rendered":"Beata Magdalena Catalina Morano \u2013\u00a026 de marzo"},"content":{"rendered":"<p style=\"text-align: justify\">(ZENIT &#8211; Madrid).-\u00a0Naci\u00f3 en Chieri, Tur\u00edn, Italia, el 15 de noviembre de 1847. Francisco, su padre, proced\u00eda de una notable familia que desconoc\u00eda las penalidades econ\u00f3micas por hallarse bien situada gracias a sus pr\u00f3speros negocios. Al casarse con Catalina, que no era de la misma posici\u00f3n social, fue desheredado. Era el precio de un amor que se mantuvo intacto entre el matrimonio, en cuyo seno nacer\u00edan ocho hijos \u2013Magdalena fue la sexta\u2013, de los cuales perecieron cinco. Se gan\u00f3 la vida con el comercio y la chatarra. Buscando el bienestar para su familia particip\u00f3 como voluntario en la guerra de la independencia y siete a\u00f1os m\u00e1s tarde falleci\u00f3 a causa de una pulmon\u00eda. La situaci\u00f3n en la que quedaron su esposa e hijos era lamentable. Y m\u00e1s cuando muri\u00f3 la primog\u00e9nita. Magdalena ten\u00eda 8 a\u00f1os. Conmovida por el pesar de su madre, se ofreci\u00f3 a ayudarla y abandon\u00f3 su educaci\u00f3n escolar. Reemplaz\u00f3 a su hermana en el telar contribuyendo al sostenimiento de la familia, hasta que gracias a la generosidad de un primo de su madre, que les pas\u00f3 una asignaci\u00f3n, pudo regresar al colegio.<\/p>\n<p style=\"text-align: justify\">Despu\u00e9s de recibir la primera comuni\u00f3n comenz\u00f3 a dar signos de una peculiar cualidad para la docencia. Lo advirti\u00f3 su profesora Rosa Girola, que fomentaba su responsabilidad en el aula. Barajada la opci\u00f3n de ser profesora, antes de cumplir los 15 a\u00f1os le lleg\u00f3 su oportunidad en la escuela de Buttigliera impulsada por el p\u00e1rroco. Super\u00f3 los ex\u00e1menes y se integr\u00f3 en la plantilla laboral. Continu\u00f3 prepar\u00e1ndose y escalando nuevos pelda\u00f1os. A los 19 a\u00f1os se traslad\u00f3 a Montaldo Turin\u00e9s para hacerse cargo del centro escolar. Su vida docente estuvo marcada por el reconocimiento que suscitaba su acertado enfoque pedag\u00f3gico. Era significativa la gran empat\u00eda que supo crear entre alumnos y familiares. Pero alguna vez experiment\u00f3 el desarraigo y cr\u00edtica de las gentes, como le sucedi\u00f3 inicialmente en Montaldo. Empleaba siempre una t\u00e1ctica que no le fall\u00f3: su desinteresada entrega a los ni\u00f1os; as\u00ed se los ganaba a todos. \u00cdntimamente estaba dando gigantescos pasos cotidianos en su uni\u00f3n con Cristo. Ya estaba larvada en ella la convicci\u00f3n que expresar\u00eda a\u00f1os m\u00e1s tarde: \u00abAnte el tribunal de Dios se rendir\u00e1 cuenta del bien que, pudi\u00e9ndolo, no hayamos hecho\u00bb.<\/p>\n<p style=\"text-align: justify\">Su director espiritual, el p\u00e1rroco de la localidad, pod\u00eda constatar su generosidad as\u00ed como el desvelo con el que atend\u00eda a la parroquia. Comprometida con diversas asociaciones, sol\u00eda ayudar econ\u00f3micamente a los menos pudientes. Siempre tuvo tiempo para visitar a los enfermos. La recepci\u00f3n de la Eucarist\u00eda iba transform\u00e1ndola. La proximidad evang\u00e9lica de la caridad tuvo una de sus expresiones cabales en ella cuando se volc\u00f3 en proporcionar a su madre la casa que jam\u00e1s pudo so\u00f1ar. Una vez ejercido ese acto filial, lleno de ternura, que tanta satisfacci\u00f3n debi\u00f3 producirle, se encamin\u00f3 a la vida religiosa. Hab\u00eda rebasado la edad para ingresar en el noviciado, hecho que tuvieron en cuenta tanto las Hijas de la Caridad como las dominicas, y ambas la rechazaron.<\/p>\n<p style=\"text-align: justify\">Hall\u00e1ndose en Tur\u00edn se entrevist\u00f3 con Don Bosco, que vio en su presencia un signo del cielo que le enviaba directamente una nueva vocaci\u00f3n. Cost\u00f3 mucho a los ciudadanos de Montaldo separarse de su querida maestra con la que se hab\u00edan encari\u00f1ado a lo largo de doce a\u00f1os. Pero ella part\u00eda como salesiana a Morn\u00e9s felic\u00edsima de centrarse en el seguimiento de Cristo de forma exclusiva. Sus emociones ir\u00edan quedando plasmadas en entra\u00f1ables y enriquecedoras notas: \u00abNo busques la paz verdadera en la tierra, sino en el cielo, no en las criaturas, sino solo en Dios\u00bb. \u00abTodo pasa. Nos espera el para\u00edso\u00bb. \u00ab\u00bfTe molesta ir a aquel trabajo, aquella obediencia, aquella deferencia? Piensa qui\u00e9n es el que te manda, piensa en qui\u00e9n te espera\u00bb.<\/p>\n<p style=\"text-align: justify\">A los 31 a\u00f1os, edad que ten\u00eda en ese momento, se hallaba en el ecuador de su vida; a\u00fan dar\u00eda muchos frutos. Una de las sorpresas que recibi\u00f3 en Morn\u00e9s fue constatar que, sin saberlo, llevaba diecis\u00e9is a\u00f1os compartiendo con Don Bosco la misma t\u00e1ctica educativa dirigida a los j\u00f3venes. No abandon\u00f3 el aula. Como salesiana imparti\u00f3 clases en Nizza. Y pocos a\u00f1os despu\u00e9s de haber profesado, en 1881 fue enviada a Trecastagni, Sicilia, para iniciar una fundaci\u00f3n que fue fecund\u00edsima. Acogieron a ni\u00f1as hu\u00e9rfanas y pobres. Pero luego su labor educativa se extendi\u00f3 a las que eran pudientes contando con alumnas internas y externas. Realizaron una labor catequ\u00e9tica que report\u00f3 numerosas bendiciones. Internado, escuelas, colegios, oratorios&#8230;<\/p>\n<p style=\"text-align: justify\">Las religiosas siempre secundaron la acci\u00f3n edificante de Magdalena que se ocup\u00f3 de todo: estuvo al frente de los centros como directora y profesora. Fue catequista, maestra de novicias, portera, lavandera, trabaj\u00f3 en la cocina, etc. Nada se le resisti\u00f3. En la comunidad que presid\u00eda se viv\u00eda el fraternal esp\u00edritu evang\u00e9lico de servicio y asistencia mutua. Supo ser servidora antes que nada. Tuvo presentes las palabras de la madre Mazzarello: \u00abAm\u00e9mosle a Jes\u00fas! Trabajemos solo por \u00c9l, sin miramiento alguno para con nosotras mismas. Tengamos \u00e1nimo: \u00a1Aqu\u00ed lloramos, en el para\u00edso reiremos!\u00bb. Despu\u00e9s de dejar una nutrida comunidad de j\u00f3venes vocaciones, parti\u00f3 a Tur\u00edn con la alta responsabilidad de dirigir la casa.<\/p>\n<p style=\"text-align: justify\">No dur\u00f3 mucho all\u00ed porque la sobrecarga de otras hermanas que f\u00edsicamente estaban mermadas requer\u00edan su presencia de nuevo en Sicilia. Permaneci\u00f3 al frente de las fundaciones de la isla dieciocho a\u00f1os, multiplic\u00e1ndolas. Enferm\u00f3 a finales de 1900. Un destructivo c\u00e1ncer de intestino le provocaba tales dolores que los m\u00e9dicos pensaban que deb\u00eda haber enloquecido. Pero ella hac\u00eda gala de una delicadeza ejemplar rubricada en una serena sonrisa, aunque el mal iba mordiendo su vida, arrebat\u00e1ndosela con grandes dentelladas. \u00abJes\u00fas sufri\u00f3 m\u00e1s que yo\u00bb, dec\u00eda. Y el 26 de marzo de 1908, en medio de terribles sufrimientos y casi sin calmantes \u2013apenas pod\u00edan hallarse en la \u00e9poca\u2013, muri\u00f3 en Catania diciendo: \u00ab\u00a1Jes\u00fas, no me abandones! \u00a1Todo como lo quieras t\u00fa!\u00bb. Juan Pablo II la beatific\u00f3 el 5 de noviembre de 1994.<\/p>\n<p><span class=\"et_bloom_bottom_trigger\"><\/span><\/p>\n<p><a href=\"https:\/\/es.zenit.org\/\" target=\"_blank\" rel=\"nofollow\">Fuente: es.zenit.org<\/a><\/p>\n","protected":false},"excerpt":{"rendered":"<p>(ZENIT &#8211; Madrid).-\u00a0Naci\u00f3 en Chieri, Tur\u00edn, Italia, el 15 de noviembre de 1847. Francisco, su padre, proced\u00eda de una notable familia que desconoc\u00eda las penalidades econ\u00f3micas por hallarse bien situada gracias a sus pr\u00f3speros negocios. Al casarse con Catalina, que no era de la misma posici\u00f3n social, fue desheredado. Era el precio de un amor &hellip; <a href=\"https:\/\/www.biblia.work\/noticias\/beata-magdalena-catalina-morano-26-de-marzo-2\/\" class=\"more-link\">Continuar leyendo<span class=\"screen-reader-text\"> \u00abBeata Magdalena Catalina Morano \u2013\u00a026 de marzo\u00bb<\/span><\/a><\/p>\n","protected":false},"author":1,"featured_media":0,"comment_status":"open","ping_status":"closed","sticky":false,"template":"","format":"standard","meta":{"footnotes":""},"categories":[1],"tags":[],"class_list":["post-13100","post","type-post","status-publish","format-standard","hentry","category-general"],"_links":{"self":[{"href":"https:\/\/www.biblia.work\/noticias\/wp-json\/wp\/v2\/posts\/13100","targetHints":{"allow":["GET"]}}],"collection":[{"href":"https:\/\/www.biblia.work\/noticias\/wp-json\/wp\/v2\/posts"}],"about":[{"href":"https:\/\/www.biblia.work\/noticias\/wp-json\/wp\/v2\/types\/post"}],"author":[{"embeddable":true,"href":"https:\/\/www.biblia.work\/noticias\/wp-json\/wp\/v2\/users\/1"}],"replies":[{"embeddable":true,"href":"https:\/\/www.biblia.work\/noticias\/wp-json\/wp\/v2\/comments?post=13100"}],"version-history":[{"count":0,"href":"https:\/\/www.biblia.work\/noticias\/wp-json\/wp\/v2\/posts\/13100\/revisions"}],"wp:attachment":[{"href":"https:\/\/www.biblia.work\/noticias\/wp-json\/wp\/v2\/media?parent=13100"}],"wp:term":[{"taxonomy":"category","embeddable":true,"href":"https:\/\/www.biblia.work\/noticias\/wp-json\/wp\/v2\/categories?post=13100"},{"taxonomy":"post_tag","embeddable":true,"href":"https:\/\/www.biblia.work\/noticias\/wp-json\/wp\/v2\/tags?post=13100"}],"curies":[{"name":"wp","href":"https:\/\/api.w.org\/{rel}","templated":true}]}}