{"id":13120,"date":"2017-03-26T12:05:03","date_gmt":"2017-03-26T17:05:03","guid":{"rendered":"http:\/\/www.biblia.work\/noticias\/anuncian-maraton-de-confesiones-por-cuaresma-en-catedral-de-mexico\/"},"modified":"2017-03-26T12:05:03","modified_gmt":"2017-03-26T17:05:03","slug":"anuncian-maraton-de-confesiones-por-cuaresma-en-catedral-de-mexico","status":"publish","type":"post","link":"https:\/\/www.biblia.work\/noticias\/anuncian-maraton-de-confesiones-por-cuaresma-en-catedral-de-mexico\/","title":{"rendered":"Anuncian marat\u00f3n de confesiones por Cuaresma en Catedral de M\u00e9xico"},"content":{"rendered":"<p> CIUDAD DE M\u00c9XICO, 26 Mar. 17 (ACI).-<br \/>\n\tLa Catedral Metropolitana de M&eacute;xico realizar&aacute; el pr&oacute;ximo viernes 7 de abril la &ldquo;VI Marat&oacute;n de Confesiones&rdquo; o Jornada del Perd&oacute;n, desde las 9:00 a.m. hasta las 7:00 p.m.<\/p>\n<p style=\"text-align: justify\">\n\tSeg&uacute;n informa el SIAME, el P. Ricardo Valenzuela, Sacrist&aacute;n mayor de la Catedral, invit&oacute; a los sacerdotes a ofrecer su tiempo ese d&iacute;a para confesar durante dos horas o m&aacute;s a la gran cantidad de fieles que se espera asistan.<\/p>\n<p style=\"text-align: justify\">\n\tEl sacerdote explic&oacute; que estas maratones de confesiones comenzaron en la Catedral hace algunos a&ntilde;os y ya se han hecho tradici&oacute;n en Cuaresma y en Adviento, en preparaci&oacute;n para la Pascua y la Navidad, respectivamente.<\/p>\n<p style=\"text-align: justify\">\n\t&ldquo;Si es bonito confesar, lo es m&aacute;s todav&iacute;a hacerlo en este recinto&rdquo;, se&ntilde;ala el sacerdote.<\/p>\n<p style=\"text-align: justify\">\n\tAnte aquellos que creen que &ldquo;la gente ya no cree en Dios&rdquo;, el sacerdote resalta que en realidad son bastantes &ldquo;los fieles que tienen mucha necesidad de acercarse a un sacerdote para confesar sus faltas, lo cual se puede ver en el hecho de que en este recinto se han llevado a cabo &lsquo;Jornadas del Perd&oacute;n&rsquo; en las que han participado m&aacute;s de cinco mil personas. &iexcl;Es ah&iacute; donde se ve realmente el poder de Dios y la fe del pueblo!&rdquo;.<\/p>\n<p style=\"text-align: justify\">\n\tEl sacerdote recuerda que el a&ntilde;o pasado eso se hizo evidente con m&aacute;s fuerza cuando el Jubileo de la Misericordia estaba por terminar y muchas m&aacute;s personas se acercaron a confesarse y as&iacute; poder cruzar la Puerta Santa de la Catedral.<\/p>\n<p style=\"text-align: justify\">\n\t&ldquo;Era como si, en su emoci&oacute;n, sintieran que lo que se hab&iacute;a abierto eran las mismas puertas del cielo, y que dentro de poco se cerrar&iacute;an, tan fue as&iacute; que cuando lleg&oacute; la fecha del cierre, hab&iacute;a gente llorando frente a la puerta. Durante todos esos d&iacute;as se vivieron cosas muy emotivas, relacionadas con la fe de los fieles&rdquo;, rememora el presb&iacute;tero.<\/p>\n<p style=\"text-align: justify\">\n\tEl sacerdote subray&oacute; tambi&eacute;n que el mismo Papa Francisco alienta a los presb&iacute;teros a confesar a las personas, incluso perdonando graves pecados como el aborto.<\/p>\n<p style=\"text-align: justify\">\n\tEl Sacrist&aacute;n Mayor de la Catedral exhort&oacute; a los sacerdotes que quieran participar de la marat&oacute;n de confesiones a inscribirse escribiendo al correo electr&oacute;nico ricvalenzuela@hotmail.com.&nbsp;<\/p>\n<p style=\"text-align: justify\">\n\tTambi&eacute;n te puede interesar:<\/p>\n<p style=\"text-align: justify\">\n\t\tEl Vaticano ofrece un examen de conciencia actual para una buena confesi&oacute;n en #Cuaresma #24HorasparaelSe&ntilde;or17 https:\/\/t.co\/ImbrQbl4Gw<\/p>\n<p>\t&mdash; ACI Prensa (@aciprensa) 24 de marzo de 2017<\/p>\n","protected":false},"excerpt":{"rendered":"<p>CIUDAD DE M\u00c9XICO, 26 Mar. 17 (ACI).- La Catedral Metropolitana de M&eacute;xico realizar&aacute; el pr&oacute;ximo viernes 7 de abril la &ldquo;VI Marat&oacute;n de Confesiones&rdquo; o Jornada del Perd&oacute;n, desde las 9:00 a.m. hasta las 7:00 p.m. Seg&uacute;n informa el SIAME, el P. Ricardo Valenzuela, Sacrist&aacute;n mayor de la Catedral, invit&oacute; a los sacerdotes a ofrecer &hellip; <a href=\"https:\/\/www.biblia.work\/noticias\/anuncian-maraton-de-confesiones-por-cuaresma-en-catedral-de-mexico\/\" class=\"more-link\">Continuar leyendo<span class=\"screen-reader-text\"> \u00abAnuncian marat\u00f3n de confesiones por Cuaresma en Catedral de M\u00e9xico\u00bb<\/span><\/a><\/p>\n","protected":false},"author":1,"featured_media":0,"comment_status":"open","ping_status":"closed","sticky":false,"template":"","format":"standard","meta":{"footnotes":""},"categories":[1],"tags":[],"class_list":["post-13120","post","type-post","status-publish","format-standard","hentry","category-general"],"_links":{"self":[{"href":"https:\/\/www.biblia.work\/noticias\/wp-json\/wp\/v2\/posts\/13120","targetHints":{"allow":["GET"]}}],"collection":[{"href":"https:\/\/www.biblia.work\/noticias\/wp-json\/wp\/v2\/posts"}],"about":[{"href":"https:\/\/www.biblia.work\/noticias\/wp-json\/wp\/v2\/types\/post"}],"author":[{"embeddable":true,"href":"https:\/\/www.biblia.work\/noticias\/wp-json\/wp\/v2\/users\/1"}],"replies":[{"embeddable":true,"href":"https:\/\/www.biblia.work\/noticias\/wp-json\/wp\/v2\/comments?post=13120"}],"version-history":[{"count":0,"href":"https:\/\/www.biblia.work\/noticias\/wp-json\/wp\/v2\/posts\/13120\/revisions"}],"wp:attachment":[{"href":"https:\/\/www.biblia.work\/noticias\/wp-json\/wp\/v2\/media?parent=13120"}],"wp:term":[{"taxonomy":"category","embeddable":true,"href":"https:\/\/www.biblia.work\/noticias\/wp-json\/wp\/v2\/categories?post=13120"},{"taxonomy":"post_tag","embeddable":true,"href":"https:\/\/www.biblia.work\/noticias\/wp-json\/wp\/v2\/tags?post=13120"}],"curies":[{"name":"wp","href":"https:\/\/api.w.org\/{rel}","templated":true}]}}