{"id":13122,"date":"2017-03-26T13:15:02","date_gmt":"2017-03-26T18:15:02","guid":{"rendered":"http:\/\/www.biblia.work\/noticias\/milan-el-papa-da-las-gracias-por-la-acogida-el-corazon-en-la-mano\/"},"modified":"2017-03-26T13:15:02","modified_gmt":"2017-03-26T18:15:02","slug":"milan-el-papa-da-las-gracias-por-la-acogida-el-corazon-en-la-mano","status":"publish","type":"post","link":"https:\/\/www.biblia.work\/noticias\/milan-el-papa-da-las-gracias-por-la-acogida-el-corazon-en-la-mano\/","title":{"rendered":"Mil\u00e1n: El papa da las gracias por la acogida \u201cel coraz\u00f3n en la mano\u201d"},"content":{"rendered":"<p style=\"background: white;margin: 0cm 0cm 15.0pt 0cm\"><span style=\"font-size: 13.5pt;font-family: 'Droid Serif',serif;color: #333333\">(ZENIT- Ciudad del Vaticano) Al d\u00eda siguiente de su visita pastoral a Mil\u00e1n, el 25 de marzo del 2017, el papa Francisco ha dado las gracias a los milaneses por su acogida realizada con \u201cel coraz\u00f3n en la mano\u201d.<\/span><\/p>\n<p style=\"background: white;margin: 0cm 0cm 15.0pt 0cm\"><span style=\"font-size: 13.5pt;font-family: 'Droid Serif',serif;color: #333333\">En el \u00e1ngelus del 26 de marzo, en la plaza San Pedro, el papa ha evocado su desplazamiento de un d\u00eda a la capital lombarda, al norte de Italia:\u201dQuisiera dar las gracias al cardenal arzobispo ( Angelo Scola, ) y a todo el pueblo milan\u00e9s por la calurosa acogida de ayer.\u201d<\/span><\/p>\n<p style=\"background: white;margin: 0cm 0cm 15.0pt 0cm\"><span style=\"font-size: 13.5pt;font-family: 'Droid Serif',serif;color: #333333\">\u201cVerdaderamente, me sent\u00ed como en casa con todos los creyentes y no creyentes\u201d ha confiado el papa. \u201cOs doy las gracias queridos milaneses y os voy a decir una cosa: He constatado que es verdad lo que se dice de vosotros: En Mil\u00e1n se recibe con el coraz\u00f3n en la mano\u201d.<\/span><\/p>\n<p style=\"background: white;margin: 0cm 0cm 15.0pt 0cm\"><span style=\"font-size: 13.5pt;font-family: 'Droid Serif',serif;color: #333333\">Durante su visita, el papa ha sido recibido por familias de un barrio desfavorecido: dos familias italianas y una familia marroqu\u00ed musulmana le han acogido en su casa. Otra el encuentro con el clero y personas consagradas, tambi\u00e9n ha ido a la prisi\u00f3n San Vittore donde ha almorzado con un centenar de detenidos. Despu\u00e9s de una gran misa con los milaneses, el papa se ha encontrado con 80.000 j\u00f3venes confirmandos y sus familias en el estadio San Siro.<\/span><\/p>\n<p><span class=\"et_bloom_bottom_trigger\"><\/span><\/p>\n<p><a href=\"https:\/\/es.zenit.org\/\" target=\"_blank\" rel=\"nofollow\">Fuente: es.zenit.org<\/a><\/p>\n","protected":false},"excerpt":{"rendered":"<p>(ZENIT- Ciudad del Vaticano) Al d\u00eda siguiente de su visita pastoral a Mil\u00e1n, el 25 de marzo del 2017, el papa Francisco ha dado las gracias a los milaneses por su acogida realizada con \u201cel coraz\u00f3n en la mano\u201d. En el \u00e1ngelus del 26 de marzo, en la plaza San Pedro, el papa ha evocado &hellip; <a href=\"https:\/\/www.biblia.work\/noticias\/milan-el-papa-da-las-gracias-por-la-acogida-el-corazon-en-la-mano\/\" class=\"more-link\">Continuar leyendo<span class=\"screen-reader-text\"> \u00abMil\u00e1n: El papa da las gracias por la acogida \u201cel coraz\u00f3n en la mano\u201d\u00bb<\/span><\/a><\/p>\n","protected":false},"author":1,"featured_media":0,"comment_status":"open","ping_status":"closed","sticky":false,"template":"","format":"standard","meta":{"footnotes":""},"categories":[1],"tags":[],"class_list":["post-13122","post","type-post","status-publish","format-standard","hentry","category-general"],"_links":{"self":[{"href":"https:\/\/www.biblia.work\/noticias\/wp-json\/wp\/v2\/posts\/13122","targetHints":{"allow":["GET"]}}],"collection":[{"href":"https:\/\/www.biblia.work\/noticias\/wp-json\/wp\/v2\/posts"}],"about":[{"href":"https:\/\/www.biblia.work\/noticias\/wp-json\/wp\/v2\/types\/post"}],"author":[{"embeddable":true,"href":"https:\/\/www.biblia.work\/noticias\/wp-json\/wp\/v2\/users\/1"}],"replies":[{"embeddable":true,"href":"https:\/\/www.biblia.work\/noticias\/wp-json\/wp\/v2\/comments?post=13122"}],"version-history":[{"count":0,"href":"https:\/\/www.biblia.work\/noticias\/wp-json\/wp\/v2\/posts\/13122\/revisions"}],"wp:attachment":[{"href":"https:\/\/www.biblia.work\/noticias\/wp-json\/wp\/v2\/media?parent=13122"}],"wp:term":[{"taxonomy":"category","embeddable":true,"href":"https:\/\/www.biblia.work\/noticias\/wp-json\/wp\/v2\/categories?post=13122"},{"taxonomy":"post_tag","embeddable":true,"href":"https:\/\/www.biblia.work\/noticias\/wp-json\/wp\/v2\/tags?post=13122"}],"curies":[{"name":"wp","href":"https:\/\/api.w.org\/{rel}","templated":true}]}}