{"id":13123,"date":"2017-03-26T13:15:03","date_gmt":"2017-03-26T18:15:03","guid":{"rendered":"http:\/\/www.biblia.work\/noticias\/espana-el-papa-saluda-la-beatificacion-de-115-martires\/"},"modified":"2017-03-26T13:15:03","modified_gmt":"2017-03-26T18:15:03","slug":"espana-el-papa-saluda-la-beatificacion-de-115-martires","status":"publish","type":"post","link":"https:\/\/www.biblia.work\/noticias\/espana-el-papa-saluda-la-beatificacion-de-115-martires\/","title":{"rendered":"Espa\u00f1a: El papa saluda la beatificaci\u00f3n de 115 m\u00e1rtires"},"content":{"rendered":"<p style=\"text-align: justify\">(Zenit- Ciudad del Vaticano) El papa Francisco ha saludado la beatificaci\u00f3n de 115 m\u00e1rtires de la guerra espa\u00f1ola, muertos por el odio de la fe en 1936; 94 sacerdotes la mayor\u00eda diocesanos- liderado por el P. Jos\u00e9 Alvarez-Benavides y de la Torre- y tambi\u00e9n por algunos franciscanos y una veintena de laicos, dos de ellos mujeres, han sido beatificados en Almer\u00eda, Espa\u00f1a, el 25 de marzo del 2017 por el Cardenal Angelo Amato, prefecto de la Congregaci\u00f3n por la causa de los santos.<\/p>\n<p style=\"text-align: justify\">Evocando este acontecimiento en el \u00e1ngelus del d\u00eda siguiente en la plaza San Pedro, el papa ha subrayado que eran \u201ctestigos heroicos de Cristo y de su Evangelio de paz y de reconciliaci\u00f3n fraterna.\u201d Entre los m\u00e1rtires: una gitana, Emilia Fern\u00e1ndez Rodr\u00edguez.<\/p>\n<p style=\"text-align: justify\">He aqu\u00ed nuestra traducci\u00f3n \u00edntegra de las palabras que el papa ha pronunciado despu\u00e9s del \u00e1ngelus.<\/p>\n<p style=\"text-align: justify\"><strong>Palabras del papa despu\u00e9s del \u00e1ngelus<\/strong><\/p>\n<p style=\"text-align: justify\">Queridos hermanos y hermanas,<\/p>\n<p style=\"text-align: justify\">Ayer en Almer\u00eda (Espa\u00f1a) Jos\u00e9 Alvarez -Benavides y de la Torre y 114 compa\u00f1eros m\u00e1rtires han sido proclamados bienaventurados. Estos sacerdotes, religiosos y laicos, han sido testigos heroicos de Cristo y de su Evangelio de paz y de reconciliaci\u00f3n fraterna. Que su ejemplo y su intercesi\u00f3n sostengan el compromiso de la Iglesia para edificar la civilizaci\u00f3n del amor.<\/p>\n<p style=\"text-align: justify\">Os saludo a todos, provenientes de Roma, de Italia y de los diversos pa\u00edses en particular los peregrinos de C\u00f3rdoba (Espa\u00f1a), los j\u00f3venes del colegio Saint-Jean Passy de Par\u00eds, los fieles de Loreto, los fieles de Quartu Sant Elena, Rende, Majori, Poggiomarino y los adolescentes del doyenn\u00e9 \u201cRomana-Vitoria\u201d de Mil\u00e1n.<\/p>\n<p style=\"text-align: justify\">A prop\u00f3sito de Mil\u00e1n, quisiera dar las gracias al cardenal \u00a0arzobispo \u00a0y todo el pueblo milan\u00e9s\u00a0 por la calurosa acogida de ayer. Verdaderamente, me sent\u00ed como en casa con todos, creyentes y no creyentes. Os doy las gracias queridos milaneses, y os voy a decir una cosa: he constatado que es verdad lo que se dice. En Mil\u00e1n se recibe con el coraz\u00f3n en la mano.<\/p>\n<p style=\"text-align: justify\">Deseo a todos un buen domingo y buen apetito, adi\u00f3s.!<\/p>\n<p style=\"text-align: justify\">&nbsp;<\/p>\n<p><span class=\"et_bloom_bottom_trigger\"><\/span><\/p>\n<p><a href=\"https:\/\/es.zenit.org\/\" target=\"_blank\" rel=\"nofollow\">Fuente: es.zenit.org<\/a><\/p>\n","protected":false},"excerpt":{"rendered":"<p>(Zenit- Ciudad del Vaticano) El papa Francisco ha saludado la beatificaci\u00f3n de 115 m\u00e1rtires de la guerra espa\u00f1ola, muertos por el odio de la fe en 1936; 94 sacerdotes la mayor\u00eda diocesanos- liderado por el P. Jos\u00e9 Alvarez-Benavides y de la Torre- y tambi\u00e9n por algunos franciscanos y una veintena de laicos, dos de ellos &hellip; <a href=\"https:\/\/www.biblia.work\/noticias\/espana-el-papa-saluda-la-beatificacion-de-115-martires\/\" class=\"more-link\">Continuar leyendo<span class=\"screen-reader-text\"> \u00abEspa\u00f1a: El papa saluda la beatificaci\u00f3n de 115 m\u00e1rtires\u00bb<\/span><\/a><\/p>\n","protected":false},"author":1,"featured_media":0,"comment_status":"open","ping_status":"closed","sticky":false,"template":"","format":"standard","meta":{"footnotes":""},"categories":[1],"tags":[],"class_list":["post-13123","post","type-post","status-publish","format-standard","hentry","category-general"],"_links":{"self":[{"href":"https:\/\/www.biblia.work\/noticias\/wp-json\/wp\/v2\/posts\/13123","targetHints":{"allow":["GET"]}}],"collection":[{"href":"https:\/\/www.biblia.work\/noticias\/wp-json\/wp\/v2\/posts"}],"about":[{"href":"https:\/\/www.biblia.work\/noticias\/wp-json\/wp\/v2\/types\/post"}],"author":[{"embeddable":true,"href":"https:\/\/www.biblia.work\/noticias\/wp-json\/wp\/v2\/users\/1"}],"replies":[{"embeddable":true,"href":"https:\/\/www.biblia.work\/noticias\/wp-json\/wp\/v2\/comments?post=13123"}],"version-history":[{"count":0,"href":"https:\/\/www.biblia.work\/noticias\/wp-json\/wp\/v2\/posts\/13123\/revisions"}],"wp:attachment":[{"href":"https:\/\/www.biblia.work\/noticias\/wp-json\/wp\/v2\/media?parent=13123"}],"wp:term":[{"taxonomy":"category","embeddable":true,"href":"https:\/\/www.biblia.work\/noticias\/wp-json\/wp\/v2\/categories?post=13123"},{"taxonomy":"post_tag","embeddable":true,"href":"https:\/\/www.biblia.work\/noticias\/wp-json\/wp\/v2\/tags?post=13123"}],"curies":[{"name":"wp","href":"https:\/\/api.w.org\/{rel}","templated":true}]}}