{"id":13124,"date":"2017-03-26T13:15:03","date_gmt":"2017-03-26T18:15:03","guid":{"rendered":"http:\/\/www.biblia.work\/noticias\/cuaresma-redescubrir-la-luz-del-bautismopara-no-tantear-en-la-oscuridad\/"},"modified":"2017-03-26T13:15:03","modified_gmt":"2017-03-26T18:15:03","slug":"cuaresma-redescubrir-la-luz-del-bautismopara-no-tantear-en-la-oscuridad","status":"publish","type":"post","link":"https:\/\/www.biblia.work\/noticias\/cuaresma-redescubrir-la-luz-del-bautismopara-no-tantear-en-la-oscuridad\/","title":{"rendered":"Cuaresma: redescubrir la luz del bautismo,para no tantear en la oscuridad"},"content":{"rendered":"<p style=\"text-align: justify\">(ZENIT- Ciudad del Vaticano, 26 de marzo del 2017) \u00a0Para el tiempo de cuaresma, el papa Francisco ha exhortado a redescubrir la \u201cluz\u201d de su bautismo y a adoptar \u201cun cambio radical de mentalidad\u201d. En el \u00e1ngelus del 26 de marzo del 2017. Ante 25.000 personas, en el Vaticano, nos ha prevenido contra la tentaci\u00f3n de confiar \u201cen peque\u00f1as luces\u201d que hacen tantear en la oscuridad, en particular las \u201cfalsas luces\u201d de los prejuicios que \u201cdeforman la realidad\u201d y del inter\u00e9s personal.<\/p>\n<p style=\"text-align: justify\">Desde una ventana del palacio apost\u00f3lico que da a la plaza San Pedro, el papa ha introducido el \u00e1ngelus meditando sobre el Evangelio del d\u00eda (jn 9, 1-41), la curaci\u00f3n del ciego de nacimiento. El ciego \u201crepresenta a cada uno de nosotros\u201d, ha explicado, ciegos por el pecado.<\/p>\n<p style=\"text-align: justify\">Los bautizados al contrario, ha continuado el papa deben \u201ccomportarse como hijos de la luz\u201d. \u00a0Esto exige \u201cun cambio radical de mentalidad, una capacidad de juzgar a los hombres y las cosas seg\u00fan una nueva escala de valores, que viene de Dios\u201d. Y de animar a \u201cabandonar las falsas luces\u201d, comenzando por el \u201cprejuicio contra los otros, porque el prejuicio deforma la realidad y nos llena de aversi\u00f3n contra aquellos que juzgamos sin misericordia y condenamos sin sentido. ..cuando meditamos sobre los otros, no caminamos en la luz, caminamos en la oscuridad.\u201d<\/p>\n<p style=\"text-align: justify\">El papa Francisco ha evocado otra \u201cfalsa luz\u201d : \u201cel inter\u00e9s personal, que eval\u00faa\u00a0 \u201clos hombres y las cosas seg\u00fan la base del criterio de nuestra utilidad, de nuestro placer, de nuestro prestigio\u201d.<\/p>\n<p style=\"text-align: justify\">El papa tambi\u00e9n ha invitado a un examen de conciencia: \u201cCre\u00e9is que Jes\u00fas es el Hijo de Dios.? Cre\u00e9is que \u00e9l puede cambiaros el coraz\u00f3n.? Cre\u00e9is que \u00e9l puede haceros ver la realidad como \u00e9l la ve, no como la vemos nosotros.? Cre\u00e9is que \u00e9l es la luz, que nos da la verdadera luz.?<\/p>\n<p style=\"text-align: justify\">Esta es nuestra traducci\u00f3n \u00edntegra\u00a0 de las palabras que le papa Francisco ha pronunciado antes del \u00e1ngelus.<\/p>\n<p style=\"text-align: justify\">&nbsp;<\/p>\n<p style=\"text-align: justify\">Palabras del papa Francisco<\/p>\n<p style=\"text-align: justify\">&nbsp;<\/p>\n<p style=\"text-align: justify\">Queridos hermanos y hermanas, buenos d\u00edas!<\/p>\n<p style=\"text-align: justify\">En el centro del Evangelio de este cuarto domingo de cuaresma se encuentran Jes\u00fas y un ciego de nacimiento (cf. Jn 9,1-41). Cristo le da la vista y se cumple este milagro con una clase de rito simb\u00f3lico: primero mezcla la tierra con saliva y lo aplica sobre los ojos del ciego; despu\u00e9s le ordena que vaya a lavarse a la piscina de Silo\u00e9. Este hombre va, se lava y recupera la vista .Era un ciego de nacimiento. Con este milagro Jes\u00fas se manifiesta y se manifiesta a nosotros como luz del mundo; y el ciego de nacimiento representa a cada uno de nosotros, que hemos sido creados para conocer a Dios, pero que a causa del pecado somos como ciegos, tenemos necesidad de una luz nueva: la luz de la fe, que Jes\u00fas nos ha dado. En efecto este ciego del Evangelio recobrando la vista se abre al misterio de Cristo .Jes\u00fas le pide \u201d\u00a0\u00abCrees t\u00fa en el Hijo del hombre?\u201d( v.35). \u201cY qui\u00e9n es el Se\u00f1or, para que crea en \u00e9l?\u201d responde el ciego curado (v.36) \u201cT\u00fa lo ves Es el que te habla \u201c \u201cYo creo Se\u00f1or\u201d y se postra delante de Jes\u00fas.<\/p>\n<p style=\"text-align: justify\">Este episodio nos lleva a reflexionar sobre nuestra fe en Cristo, el Hijo de Dios, y al mismo tiempo hace referencia tambi\u00e9n al bautismo, que es el primer Sacramento de la fe; el sacramento que nos hace \u201cvolver a la luz\u201d, por el renacer del agua y del Esp\u00edritu Santo; como sucede con el ciego de nacimiento al que se le abren los ojos despu\u00e9s de lavarse en el agua de la piscina de Silo\u00e9.<\/p>\n<p style=\"text-align: justify\">El ciego de nacimiento curado nos representa cuando no nos damos cuenta de que Jes\u00fas es la luz \u201cla luz del mundo\u201d, cuando miramos hac\u00eda otros lados, cuando preferimos confiarnos a peque\u00f1as luces, cuando tanteamos en la oscuridad. El hecho de que este ciego no tenga nombre, nos ayuda a reflejarnos con nuestro rostro y nuestro nombre en su historia. Nosotros tambi\u00e9n hemos sido \u201ciluminados\u201d por Cristo en el bautismo de manera que somos llamados a comportarnos como hijos de la luz.<\/p>\n<p style=\"text-align: justify\">Esto exige un cambio radical de mentalidad, una capacidad de juzgar a los hombres y a las cosas seg\u00fan una nueva escala de valores, que vienen de Dios. El sacramento del Bautismo, exige una elecci\u00f3n firme y decisiva de vivir como hijos de la luz y de caminar en la luz.<\/p>\n<p style=\"text-align: justify\">Si ahora os digo: \u201cCre\u00e9is que Jes\u00fas es el Hijo de Dios\u201d? \u00b4\u00b4Cre\u00e9is que \u00e9l puede cambiar vuestro coraz\u00f3n? Cre\u00e9is que \u00e9l puede haceros ver la realidad como \u00e9l la ve, no como la vemos nosotros?\u00a0 Cre\u00e9is que \u00e9l es la luz, que \u00e9l nos da la verdadera luz? Qu\u00e9 responder\u00edais vosotros?. Que cada uno responda en su coraz\u00f3n.<\/p>\n<p style=\"text-align: justify\">Qu\u00e9 significa tener la luz verdadera, caminar en la luz?. Significa primero abandonar las falsas luces: la luz d\u00e9bil y sutil del prejuicio contra los otros porque el prejuicio deforma la realidad y nos llena de aversi\u00f3n contra aquellos que juzgan sin misericordia y condenan sin sentido. Esto pasa siempre. Cuando meditamos sobre los otros, no caminamos en la luz, caminamos en la sombra. Otra luz falsa que seduce y es ambigua\u00a0 es la del inter\u00e9s personal: si evaluamos a los hombres y las cosas sobre la base del criterio de nuestra utilidad, de nuestro placer, de nuestro prestigio, no hacemos la verdad en las relaciones y en las situaciones. Si tomamos el camino de la b\u00fasqueda del inter\u00e9s personal, caminamos en las tinieblas.<\/p>\n<p style=\"text-align: justify\">Otra falsa luz que seduce y es ambigua es la del inter\u00e9s personal: si evaluamos a los hombres y a las cosas en base a nuestro criterio de utilidad y de nuestro placer, de nuestro prestigio, no hacemos la verdad en nuestras relaciones y en las situaciones.<\/p>\n<p style=\"text-align: justify\">Que la Santa Virgen que ha acogido en primer lugar a Jes\u00fas primero, luz del mundo, nos obtenga la gracia de acoger de nuevo en esta cuaresma la luz de la fe, redescubriendo el don inestimable del Bautismo que todos hemos recibido. Y que esta nueva luz nos transforme en las actitudes y en las acciones para ser nosotros tambi\u00e9n , a partir de nuestra pobreza, de nuestras insuficiencias, portadores de un rayo de la luz de Cristo.<\/p>\n<p style=\"text-align: justify\">&nbsp;<\/p>\n<p style=\"text-align: justify\">&nbsp;<\/p>\n<p style=\"text-align: justify\">&nbsp;<\/p>\n<p style=\"text-align: justify\">&nbsp;<\/p>\n<p style=\"text-align: justify\">&nbsp;<\/p>\n<p><span class=\"et_bloom_bottom_trigger\"><\/span><\/p>\n<p><a href=\"https:\/\/es.zenit.org\/\" target=\"_blank\" rel=\"nofollow\">Fuente: es.zenit.org<\/a><\/p>\n","protected":false},"excerpt":{"rendered":"<p>(ZENIT- Ciudad del Vaticano, 26 de marzo del 2017) \u00a0Para el tiempo de cuaresma, el papa Francisco ha exhortado a redescubrir la \u201cluz\u201d de su bautismo y a adoptar \u201cun cambio radical de mentalidad\u201d. En el \u00e1ngelus del 26 de marzo del 2017. Ante 25.000 personas, en el Vaticano, nos ha prevenido contra la tentaci\u00f3n &hellip; <a href=\"https:\/\/www.biblia.work\/noticias\/cuaresma-redescubrir-la-luz-del-bautismopara-no-tantear-en-la-oscuridad\/\" class=\"more-link\">Continuar leyendo<span class=\"screen-reader-text\"> \u00abCuaresma: redescubrir la luz del bautismo,para no tantear en la oscuridad\u00bb<\/span><\/a><\/p>\n","protected":false},"author":1,"featured_media":0,"comment_status":"open","ping_status":"closed","sticky":false,"template":"","format":"standard","meta":{"footnotes":""},"categories":[1],"tags":[],"class_list":["post-13124","post","type-post","status-publish","format-standard","hentry","category-general"],"_links":{"self":[{"href":"https:\/\/www.biblia.work\/noticias\/wp-json\/wp\/v2\/posts\/13124","targetHints":{"allow":["GET"]}}],"collection":[{"href":"https:\/\/www.biblia.work\/noticias\/wp-json\/wp\/v2\/posts"}],"about":[{"href":"https:\/\/www.biblia.work\/noticias\/wp-json\/wp\/v2\/types\/post"}],"author":[{"embeddable":true,"href":"https:\/\/www.biblia.work\/noticias\/wp-json\/wp\/v2\/users\/1"}],"replies":[{"embeddable":true,"href":"https:\/\/www.biblia.work\/noticias\/wp-json\/wp\/v2\/comments?post=13124"}],"version-history":[{"count":0,"href":"https:\/\/www.biblia.work\/noticias\/wp-json\/wp\/v2\/posts\/13124\/revisions"}],"wp:attachment":[{"href":"https:\/\/www.biblia.work\/noticias\/wp-json\/wp\/v2\/media?parent=13124"}],"wp:term":[{"taxonomy":"category","embeddable":true,"href":"https:\/\/www.biblia.work\/noticias\/wp-json\/wp\/v2\/categories?post=13124"},{"taxonomy":"post_tag","embeddable":true,"href":"https:\/\/www.biblia.work\/noticias\/wp-json\/wp\/v2\/tags?post=13124"}],"curies":[{"name":"wp","href":"https:\/\/api.w.org\/{rel}","templated":true}]}}