{"id":13132,"date":"2017-03-27T05:15:02","date_gmt":"2017-03-27T10:15:02","guid":{"rendered":"http:\/\/www.biblia.work\/noticias\/espana-la-canastera-la-primera-beata-gitana-nacio-en-almeria\/"},"modified":"2017-03-27T05:15:02","modified_gmt":"2017-03-27T10:15:02","slug":"espana-la-canastera-la-primera-beata-gitana-nacio-en-almeria","status":"publish","type":"post","link":"https:\/\/www.biblia.work\/noticias\/espana-la-canastera-la-primera-beata-gitana-nacio-en-almeria\/","title":{"rendered":"Espa\u00f1a: \u201cLa Canastera\u201d, la primera beata gitana naci\u00f3 en Almer\u00eda"},"content":{"rendered":"<p style=\"text-align: justify\">&nbsp;<\/p>\n<p style=\"text-align: justify\">(ZENIT \u2013 Amer\u00eda, Mar. 2017).- Este s\u00e1bado 25 de marzo, el cardenal Angelo Amato, prefecto de la Congregaci\u00f3n para las Causas de los Santos, ha beatificado a 114 v\u00edctimas asesinadas en odio a la fe, en la guerra de Espa\u00f1a (1936-1939). Entre ellos se encuentra la primera beata gitana de la historia, que naci\u00f3 en la localidad almeriense de T\u00edjola, Emilia Fern\u00e1ndez Rodr\u00edguez, apodada \u201cLa Canastera\u201d.<\/p>\n<p style=\"text-align: justify\">Emilia, de 24 a\u00f1os, muri\u00f3 en la c\u00e1rcel tras ser apresada por no renunciar a su fe cat\u00f3lica. Conocida como \u201cLa Canastera\u201d, se suma a otro espa\u00f1ol de etnia gitana, ya beatificado, \u201cEl Pel\u00e9\u201d, Ceferino Gim\u00e9nez Malla, en 1997, natural de Huesca, Arag\u00f3n.<\/p>\n<p style=\"text-align: justify\">Entre los 114 almerienses que ser\u00e1n beatificados hay 95 sacerdotes, 20 laicos varones y dos mujeres, una de ellas la joven gitana. Abre la lista de los m\u00e1rtires el de\u00e1n Jos\u00e9 \u00c1lvarez-Benavides.<\/p>\n<p style=\"text-align: justify\">El acto se ha celebrado en un lugar adecuado para la multitudinaria celebraci\u00f3n: el Palacio de Congresos y Exposiciones de Aguadulce, localidad costera situada a doce kil\u00f3metros de esta oriental capital de provincia andaluza.<\/p>\n<p style=\"text-align: justify\">El obispo de Almer\u00eda Adolfo Gonz\u00e1lez Montes afirm\u00f3 en rueda de prensa que los pr\u00f3ximos beatos \u201cno estaban implicados en pol\u00edtica, no empu\u00f1aron armas y no eran de ninguno de los dos bandos de la contienda, fueron muertos en raz\u00f3n de la fe que profesaban\u201d.<\/p>\n<p style=\"text-align: justify\">Anteriormente, ya fueron beatificadas otras v\u00edctimas de la guerra civil espa\u00f1ola: el obispo Diego Ventaja Mil\u00e1n, junto a siete hermanos de La Salle.<\/p>\n<p style=\"text-align: justify\">Sus padres, gitanos ambos, la bautizaron nada m\u00e1s nacer en la Iglesia Parroquial de santa Mar\u00eda de su pueblo. Educada en las costumbres de su raza, le ense\u00f1aron el oficio de confeccionar canastos de esparto para ganarse honradamente el sustento.<\/p>\n<p style=\"text-align: justify\">Aunque enamorada de Juan Cort\u00e9s Cort\u00e9s, tambi\u00e9n gitano, no pod\u00eda contraer matrimonio por la Persecuci\u00f3n Religiosa. Finalmente, se unieron a principios de 1938 y ella qued\u00f3 encinta. Para librar a su marido de participar en el frente, unt\u00f3 sus ojos con sulfato y declararon su inutilidad. No tard\u00f3 en ser detenida, y a pesar de su gravidez ingres\u00f3 en la prisi\u00f3n de Mujeres de Gach\u00e1s Color\u00e1s en Almer\u00eda el 21 de junio de 1938. Fue juzgada y condenada a seis a\u00f1os de prisi\u00f3n el 8 de julio.<\/p>\n<p style=\"text-align: justify\">Su compa\u00f1era de prisi\u00f3n, do\u00f1a Mar\u00eda de los \u00c1ngeles Roda, contaba: \u201cRecuerdo la figura de Emilia, aquella gitana de ojos negros y muy grandes, alta, con el pelo tirante y un mo\u00f1o en la nuca, que nos llamaba poderosamente la atenci\u00f3n por su estado de gestaci\u00f3n, ya que all\u00ed estaban todas muy delgadas por la falta de comida. Amable, hablaba bajito, era adem\u00e1s muy respetuosa y religiosa\u201d.<\/p>\n<p style=\"text-align: justify\">Admirada por la ayuda que le prestaban algunas presas cat\u00f3licas, les pidi\u00f3 que la instruyeran en el rezo del Rosario. La cruel directora de la prisi\u00f3n, al advertir su devoci\u00f3n, prometi\u00f3 favorecerla s\u00ed denunciaba a sus catequistas. Al negarse la sierva de Dios, fue aislada en una celda y sometida a malos tratos durante su embarazo.<\/p>\n<p style=\"text-align: justify\">El 13 de enero de 1939 dio a luz a una ni\u00f1a y, tras el parto, le negaron cualquier asistencia m\u00e9dica. Como escribe el presb\u00edtero Gallego F\u00e1brega: \u201cEn la ma\u00f1ana del d\u00eda veinticinco acab\u00f3 el martirio de la guapa gitanilla de veintitr\u00e9s a\u00f1os, que muri\u00f3 abandonada y sola, pero sin denunciar a su catequista, a pesar de todas las presiones a que estuvo sometida\u201d. Aunque sus compa\u00f1eras bautizaron ellas mismas a su hija, las autoridades se la llevaron y nunca m\u00e1s se supo de \u00e9sta.<\/p>\n<p style=\"text-align: justify\">Para saber m\u00e1s: http:\/\/www.diocesisalmeria.es\/<\/p>\n<p><span class=\"et_bloom_bottom_trigger\"><\/span><\/p>\n<p><a href=\"https:\/\/es.zenit.org\/\" target=\"_blank\" rel=\"nofollow\">Fuente: es.zenit.org<\/a><\/p>\n","protected":false},"excerpt":{"rendered":"<p>&nbsp; (ZENIT \u2013 Amer\u00eda, Mar. 2017).- Este s\u00e1bado 25 de marzo, el cardenal Angelo Amato, prefecto de la Congregaci\u00f3n para las Causas de los Santos, ha beatificado a 114 v\u00edctimas asesinadas en odio a la fe, en la guerra de Espa\u00f1a (1936-1939). Entre ellos se encuentra la primera beata gitana de la historia, que naci\u00f3 &hellip; <a href=\"https:\/\/www.biblia.work\/noticias\/espana-la-canastera-la-primera-beata-gitana-nacio-en-almeria\/\" class=\"more-link\">Continuar leyendo<span class=\"screen-reader-text\"> \u00abEspa\u00f1a: \u201cLa Canastera\u201d, la primera beata gitana naci\u00f3 en Almer\u00eda\u00bb<\/span><\/a><\/p>\n","protected":false},"author":1,"featured_media":0,"comment_status":"open","ping_status":"closed","sticky":false,"template":"","format":"standard","meta":{"footnotes":""},"categories":[1],"tags":[],"class_list":["post-13132","post","type-post","status-publish","format-standard","hentry","category-general"],"_links":{"self":[{"href":"https:\/\/www.biblia.work\/noticias\/wp-json\/wp\/v2\/posts\/13132","targetHints":{"allow":["GET"]}}],"collection":[{"href":"https:\/\/www.biblia.work\/noticias\/wp-json\/wp\/v2\/posts"}],"about":[{"href":"https:\/\/www.biblia.work\/noticias\/wp-json\/wp\/v2\/types\/post"}],"author":[{"embeddable":true,"href":"https:\/\/www.biblia.work\/noticias\/wp-json\/wp\/v2\/users\/1"}],"replies":[{"embeddable":true,"href":"https:\/\/www.biblia.work\/noticias\/wp-json\/wp\/v2\/comments?post=13132"}],"version-history":[{"count":0,"href":"https:\/\/www.biblia.work\/noticias\/wp-json\/wp\/v2\/posts\/13132\/revisions"}],"wp:attachment":[{"href":"https:\/\/www.biblia.work\/noticias\/wp-json\/wp\/v2\/media?parent=13132"}],"wp:term":[{"taxonomy":"category","embeddable":true,"href":"https:\/\/www.biblia.work\/noticias\/wp-json\/wp\/v2\/categories?post=13132"},{"taxonomy":"post_tag","embeddable":true,"href":"https:\/\/www.biblia.work\/noticias\/wp-json\/wp\/v2\/tags?post=13132"}],"curies":[{"name":"wp","href":"https:\/\/api.w.org\/{rel}","templated":true}]}}