{"id":13135,"date":"2017-03-27T08:15:02","date_gmt":"2017-03-27T13:15:02","guid":{"rendered":"http:\/\/www.biblia.work\/noticias\/dia-del-nino-por-nacer-obispos-en-america-latina-exhortan-a-defender-la-vida-i\/"},"modified":"2017-03-27T08:15:02","modified_gmt":"2017-03-27T13:15:02","slug":"dia-del-nino-por-nacer-obispos-en-america-latina-exhortan-a-defender-la-vida-i","status":"publish","type":"post","link":"https:\/\/www.biblia.work\/noticias\/dia-del-nino-por-nacer-obispos-en-america-latina-exhortan-a-defender-la-vida-i\/","title":{"rendered":"\u2018D\u00eda del ni\u00f1o por nacer\u2019: Obispos en Am\u00e9rica Latina exhortan a defender la vida (I)"},"content":{"rendered":"<p style=\"text-align: justify\">(ZENIT \u2013 Roma \u2013 Mar. 2017).- Las Conferencias episcopales de diversos pa\u00edses de Am\u00e9rica Latina intervinieron este 25 de marzo, solemnidad de la Anunciaci\u00f3n del Se\u00f1or y D\u00eda del ni\u00f1o por nacer, recordando la alegr\u00eda del anuncio y haciendo un llamado a \u201ccuidar y ayudar toda vida en su desarrollo desde la concepci\u00f3n hasta la muerte natural\u201d. La iniciativa de proclamar el D\u00eda del Ni\u00f1o por Nacer fue promovida por San Juan Pablo II, en particular entre los pa\u00edses iberoamericanos, el Pont\u00edfice propuso la fecha del 25 de marzo, fiesta de la Anunciaci\u00f3n del \u00c1ngel a la Virgen Mar\u00eda, es decir, el de la concepci\u00f3n de Jes\u00fas.<\/p>\n<p style=\"text-align: justify\"><strong>En Argentina<\/strong> la Comisi\u00f3n Ejecutiva de la Conferencia Episcopal, se\u00f1al\u00f3 que la Ley de Dios y el sentido com\u00fan nos han ense\u00f1ado que la vida es un gran bien que debemos preservar desde el momento que comienza\u201d. Y a\u00f1adieron: Conocemos y acompa\u00f1amos a las mujeres, a los padres y a las familias que viven situaciones injustas, dolorosas y a veces dram\u00e1ticas, justo cuando est\u00e1 por llegar una nueva vida. Pero no sucumben a las presiones e indicaciones de muerte que reciben de su alrededor, incluso de algunas instancias de la sociedad civil. La solidaridad y la esperanza de la comunidad cristiana se hacen presente por medio de personas e instituciones que, en nombre de Dios, anuncian el gozo del Evangelio\u201d.<\/p>\n<p style=\"text-align: justify\"><strong>En Bolivia<\/strong>: la conmemoraci\u00f3n organizada por la Comisi\u00f3n Arquidiocesana de Pastoral Familiar y tuvodiversas actividades como\u00a0un repique de campanas en la Catedral, una Eucarist\u00eda especial a las siete de la tarde y un acto posterior a la Santa Misa en la cual se ecendieron\u00a0velas y faroles en el atrio de la Catedral para pedir el respeto del derecho a la vida de todas las personas desde el momento de la concepci\u00f3n. La celebraci\u00f3n cumin\u00f3\u00a0con el rezo del Santo Rosario<\/p>\n<p style=\"text-align: justify\"><strong>En Chile<\/strong> las organizaciones pro vida realizaron la &#8220;Marcha por la vida&#8221;\u00a0en 15 ciudades del pa\u00eds. Natalia Freire, vocera de &#8220;Chile marcha por la vida&#8221;, declar\u00f3 que &#8220;el aborto es el asesinato de un ser humano que tiene derechos y que tiene que ser cuidado y protegido&#8221; y que \u201ces un da\u00f1o a la mujer, un abandono a la mujer en estado vulnerable, porque se le quita el supuesto problema, pero se le deja el dolor y el sufrimiento que ella est\u00e1 viviendo, entonces no es una verdadera soluci\u00f3n&#8221;.<\/p>\n<p style=\"text-align: justify\"><strong>En Colombia<\/strong> desde eldomingo 27 de marzo los cat\u00f3licos en Colombia est\u00e1n convocados a unirse a la Novena por la Vida, una iniciativa del Departamento de Promoci\u00f3n y Defensa de la Vida de la Conferencia Episcopal de Colombia (CEC). Con la Novena se busca en comuni\u00f3n y en un mismo esp\u00edritu orar por la reparaci\u00f3n del doloroso acto del aborto, la conversi\u00f3n de aquellos que lo promueven y realizan abortos y por las mujeres que han abortado.<\/p>\n<p style=\"text-align: justify\"><strong>En M\u00e9xico,<\/strong> el responsable de la Dimensi\u00f3n Episcopal de Vida, Mons. Francisco Chavolla, se\u00f1al\u00f3 que hay un \u201csinn\u00famero de presupuestos que menoscaban la vida familiar\u201d Y que \u201cse va implantando la ideolog\u00eda del cuidado de los animales como una responsabilidad y el de poder dar la muerte a los hijos nonatos como un derecho\u201d. Lo que \u201corigina una confusi\u00f3n antihumana y criminal que va permeando a lo largo y ancho de nuestro pa\u00eds, de tal manera que, en la actualidad, son miles de mexicanos no-nacidos, asesinados mediante aborto\u201d.<\/p>\n<p style=\"text-align: justify\">&nbsp;<\/p>\n<p><span class=\"et_bloom_bottom_trigger\"><\/span><\/p>\n<p><a href=\"https:\/\/es.zenit.org\/\" target=\"_blank\" rel=\"nofollow\">Fuente: es.zenit.org<\/a><\/p>\n","protected":false},"excerpt":{"rendered":"<p>(ZENIT \u2013 Roma \u2013 Mar. 2017).- Las Conferencias episcopales de diversos pa\u00edses de Am\u00e9rica Latina intervinieron este 25 de marzo, solemnidad de la Anunciaci\u00f3n del Se\u00f1or y D\u00eda del ni\u00f1o por nacer, recordando la alegr\u00eda del anuncio y haciendo un llamado a \u201ccuidar y ayudar toda vida en su desarrollo desde la concepci\u00f3n hasta la &hellip; <a href=\"https:\/\/www.biblia.work\/noticias\/dia-del-nino-por-nacer-obispos-en-america-latina-exhortan-a-defender-la-vida-i\/\" class=\"more-link\">Continuar leyendo<span class=\"screen-reader-text\"> \u00ab\u2018D\u00eda del ni\u00f1o por nacer\u2019: Obispos en Am\u00e9rica Latina exhortan a defender la vida (I)\u00bb<\/span><\/a><\/p>\n","protected":false},"author":1,"featured_media":0,"comment_status":"open","ping_status":"closed","sticky":false,"template":"","format":"standard","meta":{"footnotes":""},"categories":[1],"tags":[],"class_list":["post-13135","post","type-post","status-publish","format-standard","hentry","category-general"],"_links":{"self":[{"href":"https:\/\/www.biblia.work\/noticias\/wp-json\/wp\/v2\/posts\/13135","targetHints":{"allow":["GET"]}}],"collection":[{"href":"https:\/\/www.biblia.work\/noticias\/wp-json\/wp\/v2\/posts"}],"about":[{"href":"https:\/\/www.biblia.work\/noticias\/wp-json\/wp\/v2\/types\/post"}],"author":[{"embeddable":true,"href":"https:\/\/www.biblia.work\/noticias\/wp-json\/wp\/v2\/users\/1"}],"replies":[{"embeddable":true,"href":"https:\/\/www.biblia.work\/noticias\/wp-json\/wp\/v2\/comments?post=13135"}],"version-history":[{"count":0,"href":"https:\/\/www.biblia.work\/noticias\/wp-json\/wp\/v2\/posts\/13135\/revisions"}],"wp:attachment":[{"href":"https:\/\/www.biblia.work\/noticias\/wp-json\/wp\/v2\/media?parent=13135"}],"wp:term":[{"taxonomy":"category","embeddable":true,"href":"https:\/\/www.biblia.work\/noticias\/wp-json\/wp\/v2\/categories?post=13135"},{"taxonomy":"post_tag","embeddable":true,"href":"https:\/\/www.biblia.work\/noticias\/wp-json\/wp\/v2\/tags?post=13135"}],"curies":[{"name":"wp","href":"https:\/\/api.w.org\/{rel}","templated":true}]}}