{"id":13136,"date":"2017-03-27T08:15:02","date_gmt":"2017-03-27T13:15:02","guid":{"rendered":"http:\/\/www.biblia.work\/noticias\/dia-del-nino-por-nacer-obispos-en-america-latina-exhortan-a-defender-la-vida-ii\/"},"modified":"2017-03-27T08:15:02","modified_gmt":"2017-03-27T13:15:02","slug":"dia-del-nino-por-nacer-obispos-en-america-latina-exhortan-a-defender-la-vida-ii","status":"publish","type":"post","link":"https:\/\/www.biblia.work\/noticias\/dia-del-nino-por-nacer-obispos-en-america-latina-exhortan-a-defender-la-vida-ii\/","title":{"rendered":"\u2018D\u00eda del ni\u00f1o por nacer\u2019: Obispos en Am\u00e9rica Latina exhortan a defender la vida (II)"},"content":{"rendered":"<p style=\"text-align: justify\">(ZENIT \u2013 Roma \u2013 Mar. 2017).- Con motivo del D\u00eda del Ni\u00f1o por Nacer, este s\u00e1bado 25 de marzo, las manifestaciones pro vida en la Iglesia fueron numerosas.<\/p>\n<p style=\"text-align: justify\"><strong>En Ecuador<\/strong> se han organizado marchas pro-vida en ciudades como Lojas, Santo Domingo, Ambato y Guayaquil. En esta \u00faltima antes de la marcha se celebr\u00f3 la santa misa en la catedral metropolitana San Pedro Ap\u00f3stol. Al terminar la Eucarist\u00eda, fue la caminata por la vida que culmin\u00f3 en la Plaza San Francisco, donde se desarroll\u00f3 un festival de celebraci\u00f3n por la vida.<br \/>\nLa Arquidi\u00f3cesis de Quito, a trav\u00e9s de su Pastoral Familiar, y la Red Provida organizaron la Caminata &#8216;El Amor en Movimiento&#8217;, en defensa de la vida y la familia. Desde el parque La Carolina se hasta el parque Bicentenario y donde se celebr\u00f3 la santa misa.<\/p>\n<p style=\"text-align: justify\"><strong>En Uruguay<\/strong>, pa\u00eds que aprob\u00f3 en el 2012 la ley de aborto durante\u00a0el gobierno del presidente Jos\u00e9 Mujica, la Iglesia Cat\u00f3lica realiz\u00f3 distintas actividades para conmemorar el D\u00eda del ni\u00f1o que est\u00e1 por Nacer. En la catedral de la Di\u00f3cesis de Minas la celebraci\u00f3n fue por la presencia de una reliquia de sangre de San\u00a0Juan Pablo II.<\/p>\n<p style=\"text-align: justify\"><strong>En Paraguay<\/strong> el arzobispo de Asunci\u00f3n, Mons. Edmundo Valenzuela, presidi\u00f3 una misa en la catedral con la bendici\u00f3n especial a las embarazadas. Previamente, se realiz\u00f3 una adoraci\u00f3n eucar\u00edstica y se dio lugar a las confesiones. La Federaci\u00f3n de Asociaciones por la Vida y la Familia (FEDAVIFA) realiz\u00f3 la Caravana de la Alegr\u00eda desde la Plaza Uruguaya hasta la Catedral de Asunci\u00f3n. En Ciudad de Panam\u00e1 se realiz\u00f3 una procesi\u00f3n con una de las r\u00e9plicas de la imagen original de la Virgen F\u00e1tima que fue llevada desde Portugal al pa\u00eds centroamericano.<\/p>\n<p style=\"text-align: justify\"><strong>En Per\u00fa<\/strong>, los obispos en una declaraci\u00f3n conjunta aseguraron que \u201cel ni\u00f1o por nacer muchas veces es hoy el \u201cpobre L\u00e1zaro\u201d, tenido por \u201cdesecho humano\u201d cuando en realidad es don de Dios\u201d. A\u00f1aden que \u201ces a trav\u00e9s de la solidaridad humana que Dios se hace presente en la vida de aquellas mujeres fr\u00e1giles tentadas con abortar&#8221;, y que es&#8221; a trav\u00e9s de personas concretas que Dios dice a aquellos ni\u00f1os por nacer amenazados &#8216;yo no me olvido de ti&#8217;\u201d.<\/p>\n<p style=\"text-align: justify\"><strong>En Venezuela:<\/strong> se realizaron diversas manifestaciones en defensa de la vida. El hecho de que la p\u00e1gina web de dicha Conferencia Episcopal haya sido bloqueada, no nos permite dar ulteriores informaciones.\u00a0\u201cLamentamos informar que la pagina web de la Conferencia Episcopal Venezolana ha sido hackeada. Trabajamos por su recuperaci\u00f3n\u201d, escribi\u00f3 la instituci\u00f3n eclesi\u00e1stica en su cuenta de Twitter.<\/p>\n<p><span class=\"et_bloom_bottom_trigger\"><\/span><\/p>\n<p><a href=\"https:\/\/es.zenit.org\/\" target=\"_blank\" rel=\"nofollow\">Fuente: es.zenit.org<\/a><\/p>\n","protected":false},"excerpt":{"rendered":"<p>(ZENIT \u2013 Roma \u2013 Mar. 2017).- Con motivo del D\u00eda del Ni\u00f1o por Nacer, este s\u00e1bado 25 de marzo, las manifestaciones pro vida en la Iglesia fueron numerosas. En Ecuador se han organizado marchas pro-vida en ciudades como Lojas, Santo Domingo, Ambato y Guayaquil. En esta \u00faltima antes de la marcha se celebr\u00f3 la santa &hellip; <a href=\"https:\/\/www.biblia.work\/noticias\/dia-del-nino-por-nacer-obispos-en-america-latina-exhortan-a-defender-la-vida-ii\/\" class=\"more-link\">Continuar leyendo<span class=\"screen-reader-text\"> \u00ab\u2018D\u00eda del ni\u00f1o por nacer\u2019: Obispos en Am\u00e9rica Latina exhortan a defender la vida (II)\u00bb<\/span><\/a><\/p>\n","protected":false},"author":1,"featured_media":0,"comment_status":"open","ping_status":"closed","sticky":false,"template":"","format":"standard","meta":{"footnotes":""},"categories":[1],"tags":[],"class_list":["post-13136","post","type-post","status-publish","format-standard","hentry","category-general"],"_links":{"self":[{"href":"https:\/\/www.biblia.work\/noticias\/wp-json\/wp\/v2\/posts\/13136","targetHints":{"allow":["GET"]}}],"collection":[{"href":"https:\/\/www.biblia.work\/noticias\/wp-json\/wp\/v2\/posts"}],"about":[{"href":"https:\/\/www.biblia.work\/noticias\/wp-json\/wp\/v2\/types\/post"}],"author":[{"embeddable":true,"href":"https:\/\/www.biblia.work\/noticias\/wp-json\/wp\/v2\/users\/1"}],"replies":[{"embeddable":true,"href":"https:\/\/www.biblia.work\/noticias\/wp-json\/wp\/v2\/comments?post=13136"}],"version-history":[{"count":0,"href":"https:\/\/www.biblia.work\/noticias\/wp-json\/wp\/v2\/posts\/13136\/revisions"}],"wp:attachment":[{"href":"https:\/\/www.biblia.work\/noticias\/wp-json\/wp\/v2\/media?parent=13136"}],"wp:term":[{"taxonomy":"category","embeddable":true,"href":"https:\/\/www.biblia.work\/noticias\/wp-json\/wp\/v2\/categories?post=13136"},{"taxonomy":"post_tag","embeddable":true,"href":"https:\/\/www.biblia.work\/noticias\/wp-json\/wp\/v2\/tags?post=13136"}],"curies":[{"name":"wp","href":"https:\/\/api.w.org\/{rel}","templated":true}]}}