{"id":13137,"date":"2017-03-27T09:40:04","date_gmt":"2017-03-27T14:40:04","guid":{"rendered":"http:\/\/www.biblia.work\/noticias\/mas-atencion-para-las-victimas-de-abusos-compromiso-de-la-comision-para-la-proteccion-de-los-menores\/"},"modified":"2017-03-27T09:40:04","modified_gmt":"2017-03-27T14:40:04","slug":"mas-atencion-para-las-victimas-de-abusos-compromiso-de-la-comision-para-la-proteccion-de-los-menores","status":"publish","type":"post","link":"https:\/\/www.biblia.work\/noticias\/mas-atencion-para-las-victimas-de-abusos-compromiso-de-la-comision-para-la-proteccion-de-los-menores\/","title":{"rendered":"M\u00e1s atenci\u00f3n para las v\u00edctimas de abusos: compromiso de la Comisi\u00f3n para la protecci\u00f3n de los menores"},"content":{"rendered":"<p> <img src='http:\/\/media02.radiovaticana.va\/photo\/2015\/04\/05\/REUTERS737587_Thumbnail.JPG' alt='' align='left' hspace='5'> <\/p>\n<p>(RV).- &nbsp;&laquo;Este tiempo de <strong>Cuaresma<\/strong> es la ocasi&oacute;n buena para acercarnos a Jes&uacute;s, encontrarlo en la oraci&oacute;n en un di&aacute;logo coraz&oacute;n a coraz&oacute;n, hablar con &eacute;l, escucharlo, es la ocasi&oacute;n buena para ver su rostro tambi&eacute;n en el rostro de un hermano o de una hermana sufriente&raquo;, son las palabras del Papa Francisco a la hora del rezo del&nbsp;<a target=\"_blank\" rel=\"nofollow\" href=\"http:\/\/es.radiovaticana.va\/news\/2017\/03\/19\/cuaresma_es_la_ocasi%C3%B3n_buena_para_acercarnos_a_jes%C3%BAs\/1299738\">&Aacute;ngelus<\/a> el domingo 19 de marzo de 2017, hablando sobre la importancia a de vivir la Cuaresma como un tiempo para buscar verdaderamente a Jes&uacute;s, &laquo;acercarnos a &eacute;l y renovar en nosotros la gracia recibida en nuestro bautismo&raquo;.<\/p>\n<p>Los oyentes de<strong> Radio Vaticana<\/strong> responden a las palabras del Papa, cont&aacute;ndonos a trav&eacute;s de WhatsApp, c&oacute;mo viven espiritualmente esta cuaresma y c&oacute;mo se preparan para la celebraci&oacute;n de la Pascua.<\/p>\n<p><span><br \/>\n<audio class=\"video-js vjs-default-skin vjs-big-play-button-centered rv-custom-audio\" controls=\"\" id=\"audioItem_10007649\" preload=\"none\"><\/audio><br \/>\n<span class=\"rv-audio-download\"><a href=\"http:\/\/media02.radiovaticana.va\/audio\/audio2\/mp3\/00575395.mp3\" title=\"Download audio\"><img decoding=\"async\" src=\"http:\/\/es.radiovaticana.va\/Modules\/Presentation\/Styles\/images-common\/icons\/download-audio-mp3_off.png\" style=\"height: 30px\" \/><\/a><\/span> <\/span><\/p>\n<p>&laquo;Cuaresma como tiempo de reflexi&oacute;n, de oraci&oacute;n, de perd&oacute;n y renovaci&oacute;n&raquo;, as&iacute; expresan los seguidores de la Radio del Papa en las<strong> <\/strong>Redes Sociales la <strong>esencia espiritual <\/strong>con la que est&aacute;n marcados estos cuarenta d&iacute;as previos a la llegada de la Pascua.&nbsp;<\/p>\n<p>&laquo;Un ocasi&oacute;n propicia, asegura otro de nuestros oyentes, para hacer crecer nuestro <strong>esp&iacute;ritu de bondad<\/strong> y poner en pr&aacute;ctica las obras de misericordia de manera discreta y sin llamar la atenci&oacute;n, para que s&oacute;lo sean visibles por nuestro Padre Dios, que ve en el silencio&raquo;.<\/p>\n<p>Tambi&eacute;n nos llega desde Per&uacute;, la voz de una oyente explicando que debido a las <a target=\"_blank\" rel=\"nofollow\" href=\"http:\/\/es.radiovaticana.va\/news\/2017\/03\/19\/cercan%C3%ADa_del_papa_a_las_v%C3%ADctimas_de_las_inundaciones_de_per%C3%BA\/1299716\">inundaciones<\/a>&nbsp;que han destruido varias zonas de su pa&iacute;s, el tiempo de Cuaresma se est&aacute; viviendo de manera muy intensa y nos invita a rezar por ellos y por todos los pa&iacute;ses que sufren.<\/p>\n<p>Unidos en oraci&oacute;n al pueblo peruano y a todos los pueblos de la tierra, los invitamos a seguir participando en este &laquo;di&aacute;logo virtual&raquo; entre el Papa y los oyentes de Radio Vaticana a trav&eacute;s de las <strong>Redes Sociales<\/strong>. Tambi&eacute;n t&uacute; puedes contarnos c&oacute;mo vives esta Cuaresma enviando tu mensaje de voz al (0039) 347 225 0785.<\/p>\n<p>&laquo;Que la Virgen Mar&iacute;a nos ayude a tomar constantemente de la gracia, a aquella agua que brota de la roca que es Cristo Salvador, para que podamos profesar con convicci&oacute;n nuestra fe y anunciar con alegr&iacute;a las maravillas del amor de Dios, misericordioso y fuente de todo bien&raquo;, concluy&oacute; el Papa el domingo 19 de marzo, ante miles de fieles y peregrinos reunidos en la Plaza de San Pedro. Que estas palabras nos ayuden a seguir prepar&aacute;ndonos para vivir m&aacute;s plenamente la Pasi&oacute;n, Muerte y Resurrecci&oacute;n de Jes&uacute;s.<\/p>\n<p>(SL-RV)<\/p>\n<\/p>\n<p><a href=\"http:\/\/es.radiovaticana.va\" target=\"_blank\" rel=\"nofollow\">Fuente: es.radiovaticana.va<\/a><\/p>\n","protected":false},"excerpt":{"rendered":"<p>(RV).- &nbsp;&laquo;Este tiempo de Cuaresma es la ocasi&oacute;n buena para acercarnos a Jes&uacute;s, encontrarlo en la oraci&oacute;n en un di&aacute;logo coraz&oacute;n a coraz&oacute;n, hablar con &eacute;l, escucharlo, es la ocasi&oacute;n buena para ver su rostro tambi&eacute;n en el rostro de un hermano o de una hermana sufriente&raquo;, son las palabras del Papa Francisco a la &hellip; <a href=\"https:\/\/www.biblia.work\/noticias\/mas-atencion-para-las-victimas-de-abusos-compromiso-de-la-comision-para-la-proteccion-de-los-menores\/\" class=\"more-link\">Continuar leyendo<span class=\"screen-reader-text\"> \u00abM\u00e1s atenci\u00f3n para las v\u00edctimas de abusos: compromiso de la Comisi\u00f3n para la protecci\u00f3n de los menores\u00bb<\/span><\/a><\/p>\n","protected":false},"author":1,"featured_media":0,"comment_status":"open","ping_status":"closed","sticky":false,"template":"","format":"standard","meta":{"footnotes":""},"categories":[1],"tags":[],"class_list":["post-13137","post","type-post","status-publish","format-standard","hentry","category-general"],"_links":{"self":[{"href":"https:\/\/www.biblia.work\/noticias\/wp-json\/wp\/v2\/posts\/13137","targetHints":{"allow":["GET"]}}],"collection":[{"href":"https:\/\/www.biblia.work\/noticias\/wp-json\/wp\/v2\/posts"}],"about":[{"href":"https:\/\/www.biblia.work\/noticias\/wp-json\/wp\/v2\/types\/post"}],"author":[{"embeddable":true,"href":"https:\/\/www.biblia.work\/noticias\/wp-json\/wp\/v2\/users\/1"}],"replies":[{"embeddable":true,"href":"https:\/\/www.biblia.work\/noticias\/wp-json\/wp\/v2\/comments?post=13137"}],"version-history":[{"count":0,"href":"https:\/\/www.biblia.work\/noticias\/wp-json\/wp\/v2\/posts\/13137\/revisions"}],"wp:attachment":[{"href":"https:\/\/www.biblia.work\/noticias\/wp-json\/wp\/v2\/media?parent=13137"}],"wp:term":[{"taxonomy":"category","embeddable":true,"href":"https:\/\/www.biblia.work\/noticias\/wp-json\/wp\/v2\/categories?post=13137"},{"taxonomy":"post_tag","embeddable":true,"href":"https:\/\/www.biblia.work\/noticias\/wp-json\/wp\/v2\/tags?post=13137"}],"curies":[{"name":"wp","href":"https:\/\/api.w.org\/{rel}","templated":true}]}}