{"id":13142,"date":"2017-03-27T11:15:03","date_gmt":"2017-03-27T16:15:03","guid":{"rendered":"http:\/\/www.biblia.work\/noticias\/comision-pontificia-para-la-tutela-de-menores-hara-nuevas-propuestas-al-papa\/"},"modified":"2017-03-27T11:15:03","modified_gmt":"2017-03-27T16:15:03","slug":"comision-pontificia-para-la-tutela-de-menores-hara-nuevas-propuestas-al-papa","status":"publish","type":"post","link":"https:\/\/www.biblia.work\/noticias\/comision-pontificia-para-la-tutela-de-menores-hara-nuevas-propuestas-al-papa\/","title":{"rendered":"Comisi\u00f3n pontificia para la tutela de menores har\u00e1 nuevas propuestas al Papa"},"content":{"rendered":"<p style=\"text-align: justify\">(ZENIT \u00a0&#8211; Ciudad del Vaticano, 26 Mar. 2017).-\u00a0La Comisi\u00f3n Pontificia para la protecci\u00f3n de los menores reunida durante tres d\u00edas en el Vaticano, emiti\u00f3 hoy\u00a0lunes un comunicado final en el que los miembros han acordado enviar al Papa posteriores ideas para luchar contra los abusos, para someterlas a su consideraci\u00f3n.<\/p>\n<p style=\"text-align: justify\">En la web de la Comisi\u00f3n se indica que en la plenaria del 24 al 26 de este mes, se profundiz\u00f3 sobre las dimisiones de uno de sus miembros fundadores, la se\u00f1ora Marie Collins. <span style=\"color: #3366ff\"><a style=\"color: #3366ff\" href=\"https:\/\/es.zenit.org\/articles\/la-comision-para-la-tutela-de-los-menores-renuncia-la-senora-collins\/\">Su renuncia se conoci\u00f3 el 2 de marzo pasado<\/a><\/span> y ella indicaba \u201cfrustraci\u00f3n por la falta de cooperaci\u00f3n con la Comisi\u00f3n y otras oficinas de la Curia Romana\u201d. Si bien asegur\u00f3 que seguir\u00e1 colaborando como externa.<\/p>\n<p style=\"text-align: justify\">La Comisi\u00f3n y sus miembros &#8211;indica el comunicado&#8211; expresaron fuerte apoyo a ella y a su continua labor para promover la curaci\u00f3n de las v\u00edctimas de abuso y la prevenci\u00f3n de cualquier tipo de abuso a menores o adultos vulnerables\u201d. Expres\u00f3 adem\u00e1s su particular gratitud porque Marie Collins acept\u00f3 seguir trabajando con la Comisi\u00f3n en los programas para los nuevos obispos y oficiales de la Curia romana.<\/p>\n<p style=\"text-align: justify\">Otra de las conclusiones de la Comisi\u00f3n es que se vuelve necesario &#8220;responder directamente a las v\u00edctimas, cuando escriben a la Santa Sede&#8221;. O sea &#8220;prestar atenci\u00f3n a la correspondencia y dar respuestas inmediatas y personales&#8221;, acci\u00f3n considerada &#8220;un componente en el avanzar de la transparencia&#8221;.<\/p>\n<p style=\"text-align: justify\">La protecci\u00f3n de los menores, se dice &#8220;consiente que dicha tarea sea particularmente ardua, teniendo en cuenta el amplio volumen y la naturaleza de la correspondencia, y que requiere recursos y procedimientos claros y espec\u00edficos&#8221;.<\/p>\n<p style=\"text-align: justify\">El comunicado indica que la plenaria ha sido precedida por un evento sobre educaci\u00f3n y prevenci\u00f3n, realizado en la Pontificia Universidad Gregoriana y promovido por el Centro para la Protecci\u00f3n de los Menores &#8211;instituido en ese ateneo&#8211; y por la Congregaci\u00f3n para la Educaci\u00f3n Cat\u00f3lica.<\/p>\n<p style=\"text-align: justify\">En este acto, focalizado de manera particular en Am\u00e9rica Latina, han tomado parte m\u00e1s de 150 personalidades, entre las cuales el cardenal secretario de Estado, Pietro Parolin, y diversos responsables de dicasterios vaticanos.<\/p>\n<p style=\"text-align: justify\">Se reitera tambi\u00e9n que para la lucha a los abusos sexuales en la Iglesia son fundamentales las <em>L\u00edneas Gu\u00eda<\/em> de la Comisi\u00f3n Pontificia para la protecci\u00f3n de los menores: &#8220;un instrumento fuertemente apoyado por el Papa Francisco&#8221;.<\/p>\n<p style=\"text-align: justify\">Los miembros de la Comisi\u00f3n han reiterado tambi\u00e9n su voluntad de trabajar junto a la Congregaci\u00f3n para la doctrina de la Fe en el comunicar las <em>L\u00edneas Gu\u00eda<\/em> a las Conferencias Episcopales y a las congregaciones religiosas, ya sea directamente que a trav\u00e9s del sitio de la comisi\u00f3n (www.protectionofminors.va).<\/p>\n<p><span class=\"et_bloom_bottom_trigger\"><\/span><\/p>\n<p><a href=\"https:\/\/es.zenit.org\/\" target=\"_blank\" rel=\"nofollow\">Fuente: es.zenit.org<\/a><\/p>\n","protected":false},"excerpt":{"rendered":"<p>(ZENIT \u00a0&#8211; Ciudad del Vaticano, 26 Mar. 2017).-\u00a0La Comisi\u00f3n Pontificia para la protecci\u00f3n de los menores reunida durante tres d\u00edas en el Vaticano, emiti\u00f3 hoy\u00a0lunes un comunicado final en el que los miembros han acordado enviar al Papa posteriores ideas para luchar contra los abusos, para someterlas a su consideraci\u00f3n. En la web de la &hellip; <a href=\"https:\/\/www.biblia.work\/noticias\/comision-pontificia-para-la-tutela-de-menores-hara-nuevas-propuestas-al-papa\/\" class=\"more-link\">Continuar leyendo<span class=\"screen-reader-text\"> \u00abComisi\u00f3n pontificia para la tutela de menores har\u00e1 nuevas propuestas al Papa\u00bb<\/span><\/a><\/p>\n","protected":false},"author":1,"featured_media":0,"comment_status":"open","ping_status":"closed","sticky":false,"template":"","format":"standard","meta":{"footnotes":""},"categories":[1],"tags":[],"class_list":["post-13142","post","type-post","status-publish","format-standard","hentry","category-general"],"_links":{"self":[{"href":"https:\/\/www.biblia.work\/noticias\/wp-json\/wp\/v2\/posts\/13142","targetHints":{"allow":["GET"]}}],"collection":[{"href":"https:\/\/www.biblia.work\/noticias\/wp-json\/wp\/v2\/posts"}],"about":[{"href":"https:\/\/www.biblia.work\/noticias\/wp-json\/wp\/v2\/types\/post"}],"author":[{"embeddable":true,"href":"https:\/\/www.biblia.work\/noticias\/wp-json\/wp\/v2\/users\/1"}],"replies":[{"embeddable":true,"href":"https:\/\/www.biblia.work\/noticias\/wp-json\/wp\/v2\/comments?post=13142"}],"version-history":[{"count":0,"href":"https:\/\/www.biblia.work\/noticias\/wp-json\/wp\/v2\/posts\/13142\/revisions"}],"wp:attachment":[{"href":"https:\/\/www.biblia.work\/noticias\/wp-json\/wp\/v2\/media?parent=13142"}],"wp:term":[{"taxonomy":"category","embeddable":true,"href":"https:\/\/www.biblia.work\/noticias\/wp-json\/wp\/v2\/categories?post=13142"},{"taxonomy":"post_tag","embeddable":true,"href":"https:\/\/www.biblia.work\/noticias\/wp-json\/wp\/v2\/tags?post=13142"}],"curies":[{"name":"wp","href":"https:\/\/api.w.org\/{rel}","templated":true}]}}