{"id":13143,"date":"2017-03-27T11:40:04","date_gmt":"2017-03-27T16:40:04","guid":{"rendered":"http:\/\/www.biblia.work\/noticias\/como-lider-francisco-va-mas-alla-de-la-politica-pero-los-politicos-de-la-union-europea-desean-afrontar-los-desafios\/"},"modified":"2017-03-27T11:40:04","modified_gmt":"2017-03-27T16:40:04","slug":"como-lider-francisco-va-mas-alla-de-la-politica-pero-los-politicos-de-la-union-europea-desean-afrontar-los-desafios","status":"publish","type":"post","link":"https:\/\/www.biblia.work\/noticias\/como-lider-francisco-va-mas-alla-de-la-politica-pero-los-politicos-de-la-union-europea-desean-afrontar-los-desafios\/","title":{"rendered":"Como l\u00edder Francisco va m\u00e1s all\u00e1 de la pol\u00edtica, pero los pol\u00edticos de la Uni\u00f3n Europea \u00bfdesean afrontar los desaf\u00edos?"},"content":{"rendered":"<p> <img src='http:\/\/media02.radiovaticana.va\/photo\/2011\/01\/10\/ANSA149663_Thumbnail.jpg' alt='' align='left' hspace='5'> <\/p>\n<p><span><br \/>\n<audio class=\"video-js vjs-default-skin vjs-big-play-button-centered rv-custom-audio\" controls=\"\" id=\"audioItem_10008197\" preload=\"none\"><\/audio><br \/>\n<span class=\"rv-audio-download\"><a href=\"http:\/\/media02.radiovaticana.va\/audio\/audio2\/mp3\/00575409.mp3\" title=\"Download audio\"><img decoding=\"async\" src=\"http:\/\/es.radiovaticana.va\/Modules\/Presentation\/Styles\/images-common\/icons\/download-audio-mp3_off.png\" style=\"height: 30px\" \/><\/a><\/span> <\/span><\/p>\n<p>(RV).- &nbsp;Una multitudinaria marcha por la vida se llev&oacute; a cabo en diversas ciudades de Am&eacute;rica Latina, este s&aacute;bado 25 de marzo, Solemnidad de la Anunciaci&oacute;n del Se&ntilde;or y D&iacute;a del Ni&ntilde;o por Nacer. Con diferentes iniciativas, organizaciones civiles y religiosas, se manifestaron en favor de la vida.&nbsp;<\/p>\n<p>En Chile, &#8211; primer pa&iacute;s del mundo que celebra este d&iacute;a con el respaldo de una Ley, aprobada el 14 de mayo del a&ntilde;o 2013, que establece legalmente el 25 de Marzo como &nbsp;&quot;D&iacute;a nacional del ni&ntilde;o que est&aacute; por nacer y la Adopci&oacute;n&quot;-&nbsp; s&oacute;lo en Santiago, marcharon m&aacute;s de 10.000 personas, en lo que fuera la primera marcha por la vida en el pa&iacute;s. Tanto familias como organizaciones de la sociedad civil, manifestaron su postura en favor de la vida, junto con artistas, deportistas, pol&iacute;ticos, autoridades religiosas y profesionales de la salud.&nbsp;<\/p>\n<p>En el caso de Per&uacute; las marchas debieron cancelarse debido a las inundaciones provocados por el fen&oacute;meno de &quot;el Ni&ntilde;o&quot;, que caus&oacute; estragos en varias zonas del pa&iacute;s. All&iacute; se tranform&oacute; en cambio en una marcha solidaria, en la que se reunieron alimentos, agua y una serie de art&iacute;culos necesarios para los damnificados por las lluvias y las inundaciones que afectan el pa&iacute;s.<\/p>\n<p>En Colombia, el Departamento de Promoci&oacute;n y Defensa de la Vida de la <a target=\"_blank\" rel=\"nofollow\" href=\"https:\/\/www.cec.org.co\/\">Conferencia Episcopal de Colombia <\/a>(CEC) lanz&oacute; la iniciativa de rezar una Novena por la Vida, la cual inici&oacute; el 17 de marzo y concluy&oacute; el mismo 25 de marzo.<\/p>\n<p>Los Obispos de M&eacute;xico en un <a target=\"_blank\" rel=\"nofollow\" href=\"http:\/\/www.cem.org.mx\/prensa\/1007-COMUNICADO-DE-LA-DIMENSI%C3%93N-EPISCOPAL-PARA-LA-VIDA.html\">comunicado<\/a> denunciaron el silencio ante los miles de abortos y amenazas contra la familia: &quot;Recordemos que en todas las Di&oacute;cesis de M&eacute;xico celebramos el D&iacute;a de la Vida. Esta celebraci&oacute;n de la Encarnaci&oacute;n nos ayuda a mantener viva la conciencia de que somos hijos y, como nos ense&ntilde;a el Papa Francisco en Amoris&nbsp; Laetitia: &#039;esto nos reconduce al hecho de que la vida no nos la hemos dado a nosotros mismos sino que la hemos recibido. El gran don de la vida es el primer regalo que nos ha sido dado&#039; (AL 188). Afirmamos que desde la fecundaci&oacute;n se inicia una nueva vida que no es la del padre ni de la madre, sino la de un nuevo ser humano que se desarrolla por s&iacute; mismo (Cfr. EV 60) y que estamos llamados a proteger, cuidar y preservar. Nadie puede violar la integridad de otro ser humano: ni por fines de investigaci&oacute;n, ni porque sea anciano o nonato, minusv&aacute;lido o enfermo o demente o migrante. &iexcl;Cuidemos el don de la Vida!&quot;, exhortaron los obispos.<\/p>\n<p>Mientras que la comisi&oacute;n ejecutiva de la Conferencia Episcopal Argentina tambi&eacute;n elev&oacute; su voz en favor de la vida con un <a target=\"_blank\" rel=\"nofollow\" href=\"http:\/\/www.episcopado.org\/portal\/actualidad-cea\/oficina-de-prensa\/item\/1418-comunicado-de-la-comisi%C3%B3n-ejecutiva-por-el-d%C3%ADa-del-ni%C3%B1o-por-nacer.html\">comunicado<\/a>: &quot;Conocemos y acompa&ntilde;amos a las mujeres, a los padres y a las familias que viven situaciones injustas, dolorosas y a veces dram&aacute;ticas, justo cuando est&aacute; por llegar una nueva vida. Pero no sucumben a las presiones e indicaciones de muerte que reciben de su alrededor, incluso de algunas instancias de la sociedad civil.&nbsp; La solidaridad y la esperanza de la comunidad cristiana se hacen presente por medio de personas e instituciones que, en nombre de Dios, anuncian el gozo del Evangelio&rdquo;. &nbsp;&ldquo;En este d&iacute;a, queremos recordar lo que ya dij&eacute;ramos hace unos a&ntilde;os: &ldquo;No hay una vida que valga m&aacute;s y otras menos: la del ni&ntilde;o y el adulto, var&oacute;n o mujer, trabajador o empresario, rico o pobre. Toda vida debe ser cuidada y ayudada en su desarrollo desde la concepci&oacute;n hasta la muerte natural, en todas sus etapas y dimensiones&quot;.<\/p>\n<p>(Griselda Mutual &#8211; Radio Vaticano)<\/p>\n<p><a href=\"http:\/\/es.radiovaticana.va\" target=\"_blank\" rel=\"nofollow\">Fuente: es.radiovaticana.va<\/a><\/p>\n","protected":false},"excerpt":{"rendered":"<p>(RV).- &nbsp;Una multitudinaria marcha por la vida se llev&oacute; a cabo en diversas ciudades de Am&eacute;rica Latina, este s&aacute;bado 25 de marzo, Solemnidad de la Anunciaci&oacute;n del Se&ntilde;or y D&iacute;a del Ni&ntilde;o por Nacer. Con diferentes iniciativas, organizaciones civiles y religiosas, se manifestaron en favor de la vida.&nbsp; En Chile, &#8211; primer pa&iacute;s del mundo &hellip; <a href=\"https:\/\/www.biblia.work\/noticias\/como-lider-francisco-va-mas-alla-de-la-politica-pero-los-politicos-de-la-union-europea-desean-afrontar-los-desafios\/\" class=\"more-link\">Continuar leyendo<span class=\"screen-reader-text\"> \u00abComo l\u00edder Francisco va m\u00e1s all\u00e1 de la pol\u00edtica, pero los pol\u00edticos de la Uni\u00f3n Europea \u00bfdesean afrontar los desaf\u00edos?\u00bb<\/span><\/a><\/p>\n","protected":false},"author":1,"featured_media":0,"comment_status":"open","ping_status":"closed","sticky":false,"template":"","format":"standard","meta":{"footnotes":""},"categories":[1],"tags":[],"class_list":["post-13143","post","type-post","status-publish","format-standard","hentry","category-general"],"_links":{"self":[{"href":"https:\/\/www.biblia.work\/noticias\/wp-json\/wp\/v2\/posts\/13143","targetHints":{"allow":["GET"]}}],"collection":[{"href":"https:\/\/www.biblia.work\/noticias\/wp-json\/wp\/v2\/posts"}],"about":[{"href":"https:\/\/www.biblia.work\/noticias\/wp-json\/wp\/v2\/types\/post"}],"author":[{"embeddable":true,"href":"https:\/\/www.biblia.work\/noticias\/wp-json\/wp\/v2\/users\/1"}],"replies":[{"embeddable":true,"href":"https:\/\/www.biblia.work\/noticias\/wp-json\/wp\/v2\/comments?post=13143"}],"version-history":[{"count":0,"href":"https:\/\/www.biblia.work\/noticias\/wp-json\/wp\/v2\/posts\/13143\/revisions"}],"wp:attachment":[{"href":"https:\/\/www.biblia.work\/noticias\/wp-json\/wp\/v2\/media?parent=13143"}],"wp:term":[{"taxonomy":"category","embeddable":true,"href":"https:\/\/www.biblia.work\/noticias\/wp-json\/wp\/v2\/categories?post=13143"},{"taxonomy":"post_tag","embeddable":true,"href":"https:\/\/www.biblia.work\/noticias\/wp-json\/wp\/v2\/tags?post=13143"}],"curies":[{"name":"wp","href":"https:\/\/api.w.org\/{rel}","templated":true}]}}