{"id":13145,"date":"2017-03-27T12:10:02","date_gmt":"2017-03-27T17:10:02","guid":{"rendered":"http:\/\/www.biblia.work\/noticias\/en-linea-roja-mar-de-galilea-llega-a-su-punto-mas-bajo-del-siglo\/"},"modified":"2017-03-27T12:10:02","modified_gmt":"2017-03-27T17:10:02","slug":"en-linea-roja-mar-de-galilea-llega-a-su-punto-mas-bajo-del-siglo","status":"publish","type":"post","link":"https:\/\/www.biblia.work\/noticias\/en-linea-roja-mar-de-galilea-llega-a-su-punto-mas-bajo-del-siglo\/","title":{"rendered":"En \u201cL\u00ednea Roja\u201d: Mar de Galilea llega a su punto m\u00e1s bajo del siglo"},"content":{"rendered":"<p style=\"text-align: justify\">ISRAEL. &#8211; Tras la sequ\u00eda en el lago Tiberias, el mar de Galilea lleg\u00f3 a su punto m\u00e1s bajo y los granjeros del norte del pa\u00eds advirtieron que van a tener que dejar de regar grandes hect\u00e1reas de tierra cultivada a menos que el gobierno se involucre.<\/p>\n<p style=\"text-align: justify\">El mes de febrero fue el m\u00e1s seco del que se tenga registro, seg\u00fan informaron las autoridades que se ocupan del cuidado acu\u00e1tico. El nivel del agua es el m\u00e1s bajo en el \u00faltimo siglo.<\/p>\n<p style=\"text-align: justify\">La fuente m\u00e1s importante de agua natural, tambi\u00e9n conocido como Lago del Kinneret, recibi\u00f3 tan solo un 10 por ciento de su porcentaje mensual de agua de lluvia.<\/p>\n<p style=\"text-align: justify\">\u201cLa situaci\u00f3n es grave\u201d revel\u00f3 Amir Givati de la Autoridad Israel\u00ed responsable del agua natural y agreg\u00f3: \u201cEl lago cay\u00f3 a su nivel m\u00e1s bajo de todo el siglo\u201d.<\/p>\n<p style=\"text-align: justify\">El punto en el que se encuentra el lago es llamado \u201cL\u00ednea Roja\u201d, dado que se encuentra 20 cent\u00edmetros por debajo de lo considerado como aceptable. Los expertos afirman que es una situaci\u00f3n que afecta a todo Medio Oriente.<\/p>\n<p style=\"text-align: justify\">Los bajos niveles de lluvia afectan a la agricultura nacional, al medio ambiente y a la vida animal en el \u00e1rea, seg\u00fan mencion\u00f3 Givati.<\/p>\n<p style=\"text-align: justify\">Seg\u00fan un informe de la Autoridad de Aguas y Servicio Hidrol\u00f3gico israel\u00ed difundido hoy por medios locales, la escasez de lluvias ha tenido un fuerte efecto negativo en el lago, cuya principal fuente de agua es el r\u00edo Jord\u00e1n.<\/p>\n<p style=\"text-align: justify\"><strong>Reducci\u00f3n en riego para cultivos<\/strong><\/p>\n<p style=\"text-align: justify\">El descenso de las reservas oblig\u00f3 recientemente a reducir la provisi\u00f3n para riego a los agricultores de la zona, indicaron las autoridades, que prev\u00e9n poner en marcha otras medidas para frenar el deterioro de la calidad del agua, cada vez m\u00e1s salinizada, explic\u00f3 el diario &#8220;<a target=\"_blank\" rel=\"nofollow\" href=\"http:\/\/www.itongadol.com\/noticias\/val\/102996\/el-mar-de-galilea-en-su-nivel-mas-bajo-del-siglo-despues-de-la-sequia-de-febrero.html\">Haaretz<\/a>&#8220;.<\/p>\n<p style=\"text-align: justify\">Varios afluentes de la zona, como los del Naaman, han permanecido secos durante meses y las riveras del Dan y el Banias, procedentes del Jord\u00e1n, est\u00e1n en niveles m\u00ednimos.<\/p>\n<p style=\"text-align: justify\">De acuerdo con los informes, la parte sur del Jord\u00e1n est\u00e1 casi seca, lo que ha provocado una disminuci\u00f3n del nivel del mar Muerto de 12 cent\u00edmetros (cinco pulgadas) en octubre del a\u00f1o pasado y de 1.13 metros (44.5 pulgadas) en el \u00faltimo a\u00f1o, seg\u00fan publica sitio web <a target=\"_blank\" rel=\"nofollow\" href=\"http:\/\/www.elnuevodia.com\/ciencia\/ciencia\/nota\/biblicomardegalileaestadesapareciendo-2258492\/%20\">Nuevo D\u00eda.<\/a><\/p>\n<p style=\"text-align: justify\">La entrada <a rel=\"nofollow\" href=\"http:\/\/www.noticiacristiana.com\/iglesia\/israel\/2017\/03\/mar-de-galilea-punto-mas-bajo-roja.html\">En \u201cL\u00ednea Roja\u201d: Mar de Galilea llega a su punto m\u00e1s bajo del siglo<\/a> aparece primero en <a rel=\"nofollow\" href=\"http:\/\/www.noticiacristiana.com\">NoticiaCristiana.com<\/a>.<\/p>\n","protected":false},"excerpt":{"rendered":"<p>ISRAEL. &#8211; Tras la sequ\u00eda en el lago Tiberias, el mar de Galilea lleg\u00f3 a su punto m\u00e1s bajo y los granjeros del norte del pa\u00eds advirtieron que van a tener que dejar de regar grandes hect\u00e1reas de tierra cultivada a menos que el gobierno se involucre. El mes de febrero fue el m\u00e1s seco &hellip; <a href=\"https:\/\/www.biblia.work\/noticias\/en-linea-roja-mar-de-galilea-llega-a-su-punto-mas-bajo-del-siglo\/\" class=\"more-link\">Continuar leyendo<span class=\"screen-reader-text\"> \u00abEn \u201cL\u00ednea Roja\u201d: Mar de Galilea llega a su punto m\u00e1s bajo del siglo\u00bb<\/span><\/a><\/p>\n","protected":false},"author":1,"featured_media":0,"comment_status":"open","ping_status":"closed","sticky":false,"template":"","format":"standard","meta":{"footnotes":""},"categories":[1],"tags":[],"class_list":["post-13145","post","type-post","status-publish","format-standard","hentry","category-general"],"_links":{"self":[{"href":"https:\/\/www.biblia.work\/noticias\/wp-json\/wp\/v2\/posts\/13145","targetHints":{"allow":["GET"]}}],"collection":[{"href":"https:\/\/www.biblia.work\/noticias\/wp-json\/wp\/v2\/posts"}],"about":[{"href":"https:\/\/www.biblia.work\/noticias\/wp-json\/wp\/v2\/types\/post"}],"author":[{"embeddable":true,"href":"https:\/\/www.biblia.work\/noticias\/wp-json\/wp\/v2\/users\/1"}],"replies":[{"embeddable":true,"href":"https:\/\/www.biblia.work\/noticias\/wp-json\/wp\/v2\/comments?post=13145"}],"version-history":[{"count":0,"href":"https:\/\/www.biblia.work\/noticias\/wp-json\/wp\/v2\/posts\/13145\/revisions"}],"wp:attachment":[{"href":"https:\/\/www.biblia.work\/noticias\/wp-json\/wp\/v2\/media?parent=13145"}],"wp:term":[{"taxonomy":"category","embeddable":true,"href":"https:\/\/www.biblia.work\/noticias\/wp-json\/wp\/v2\/categories?post=13145"},{"taxonomy":"post_tag","embeddable":true,"href":"https:\/\/www.biblia.work\/noticias\/wp-json\/wp\/v2\/tags?post=13145"}],"curies":[{"name":"wp","href":"https:\/\/api.w.org\/{rel}","templated":true}]}}