{"id":13146,"date":"2017-03-27T12:15:02","date_gmt":"2017-03-27T17:15:02","guid":{"rendered":"http:\/\/www.biblia.work\/noticias\/el-papa-a-los-obispos-de-canada-favorecer-el-dialogo-interreligioso\/"},"modified":"2017-03-27T12:15:02","modified_gmt":"2017-03-27T17:15:02","slug":"el-papa-a-los-obispos-de-canada-favorecer-el-dialogo-interreligioso","status":"publish","type":"post","link":"https:\/\/www.biblia.work\/noticias\/el-papa-a-los-obispos-de-canada-favorecer-el-dialogo-interreligioso\/","title":{"rendered":"El Papa a los obispos de Canad\u00e1: favorecer el di\u00e1logo interreligioso"},"content":{"rendered":"<p style=\"text-align: justify\">(ZENIT \u2013 Roma \u2013 27 Mar. 2017).- El papa Francisco recibi\u00f3 este martes a los obispos de Canad\u00e1 quienes se encuentran en Roma en\u00a0visita &#8216;ad limina&#8217;.<\/p>\n<p style=\"text-align: justify\">Los temas tratados fueron muchos, indic\u00f3 la Radio Vaticano, retos sociales y temas pastorales para la Iglesia en ese pa\u00eds, uno de los m\u00e1s secularizados del mundo y donde se permiten pr\u00e1cticas que desaf\u00edan temas \u00e9ticos, como la reproducci\u00f3n asistida, la clonaci\u00f3n humana, la eutanasia y el suicidio asistido.<\/p>\n<p style=\"text-align: justify\">La Iglesia por su parte insiste sobre temas como la paz mundial, el desarme, el desarrollo sostenible y la prtoecci\u00f3n del medio ambiente. Tambi\u00e9n sobre los inmigrantes y refugiados.<\/p>\n<p style=\"text-align: justify\">Entre los temas tratados los casos de maltrato de menores en casos de abusos que se produjeron en el pasado, de los cuales la Iglesia canadiense ha pedido perd\u00f3n y las mediadas que es necesario tomar para que nunca m\u00e1s se repitan.<\/p>\n<p style=\"text-align: justify\">En audiencia con el Papa, los obispos tambi\u00e9n conversaron de la fruct\u00edfera labor ecum\u00e9nica e interreligiosa, en favor de la defensa de los principios de la solidaridad y la convivencia de los pueblos, con motivo del reciente ataque a la mezquita en Quebec y las medidas restrictivas de migraci\u00f3n del Presidente de los Estados Unidos, Donald Trump.<\/p>\n<p style=\"text-align: justify\">Su poblaci\u00f3n de 35 millones de habitantes, es un mosaico de personas de diversos or\u00edgenes, agrupados en dos \u00e1reas culturales y ling\u00fc\u00edsticas vinculadas a la colonizaci\u00f3n: el pa\u00eds es biling\u00fce y multicultural, con Ingl\u00e9s y franc\u00e9s como lenguas oficiales. El 40 por ciento de la poblaci\u00f3n es bautizada Cat\u00f3lica, otro tercio es protestante; Los musulmanes son el 2 por ciento, seguido por los jud\u00edos, los budistas e hind\u00faes con 1 por ciento de la poblaci\u00f3n.<\/p>\n<p><span class=\"et_bloom_bottom_trigger\"><\/span><\/p>\n<p><a href=\"https:\/\/es.zenit.org\/\" target=\"_blank\" rel=\"nofollow\">Fuente: es.zenit.org<\/a><\/p>\n","protected":false},"excerpt":{"rendered":"<p>(ZENIT \u2013 Roma \u2013 27 Mar. 2017).- El papa Francisco recibi\u00f3 este martes a los obispos de Canad\u00e1 quienes se encuentran en Roma en\u00a0visita &#8216;ad limina&#8217;. Los temas tratados fueron muchos, indic\u00f3 la Radio Vaticano, retos sociales y temas pastorales para la Iglesia en ese pa\u00eds, uno de los m\u00e1s secularizados del mundo y donde &hellip; <a href=\"https:\/\/www.biblia.work\/noticias\/el-papa-a-los-obispos-de-canada-favorecer-el-dialogo-interreligioso\/\" class=\"more-link\">Continuar leyendo<span class=\"screen-reader-text\"> \u00abEl Papa a los obispos de Canad\u00e1: favorecer el di\u00e1logo interreligioso\u00bb<\/span><\/a><\/p>\n","protected":false},"author":1,"featured_media":0,"comment_status":"open","ping_status":"closed","sticky":false,"template":"","format":"standard","meta":{"footnotes":""},"categories":[1],"tags":[],"class_list":["post-13146","post","type-post","status-publish","format-standard","hentry","category-general"],"_links":{"self":[{"href":"https:\/\/www.biblia.work\/noticias\/wp-json\/wp\/v2\/posts\/13146","targetHints":{"allow":["GET"]}}],"collection":[{"href":"https:\/\/www.biblia.work\/noticias\/wp-json\/wp\/v2\/posts"}],"about":[{"href":"https:\/\/www.biblia.work\/noticias\/wp-json\/wp\/v2\/types\/post"}],"author":[{"embeddable":true,"href":"https:\/\/www.biblia.work\/noticias\/wp-json\/wp\/v2\/users\/1"}],"replies":[{"embeddable":true,"href":"https:\/\/www.biblia.work\/noticias\/wp-json\/wp\/v2\/comments?post=13146"}],"version-history":[{"count":0,"href":"https:\/\/www.biblia.work\/noticias\/wp-json\/wp\/v2\/posts\/13146\/revisions"}],"wp:attachment":[{"href":"https:\/\/www.biblia.work\/noticias\/wp-json\/wp\/v2\/media?parent=13146"}],"wp:term":[{"taxonomy":"category","embeddable":true,"href":"https:\/\/www.biblia.work\/noticias\/wp-json\/wp\/v2\/categories?post=13146"},{"taxonomy":"post_tag","embeddable":true,"href":"https:\/\/www.biblia.work\/noticias\/wp-json\/wp\/v2\/tags?post=13146"}],"curies":[{"name":"wp","href":"https:\/\/api.w.org\/{rel}","templated":true}]}}