{"id":13147,"date":"2017-03-27T12:15:03","date_gmt":"2017-03-27T17:15:03","guid":{"rendered":"http:\/\/www.biblia.work\/noticias\/san-jose-sebastian-pelczar-28-de-marzo-2\/"},"modified":"2017-03-27T12:15:03","modified_gmt":"2017-03-27T17:15:03","slug":"san-jose-sebastian-pelczar-28-de-marzo-2","status":"publish","type":"post","link":"https:\/\/www.biblia.work\/noticias\/san-jose-sebastian-pelczar-28-de-marzo-2\/","title":{"rendered":"San Jos\u00e9 Sebasti\u00e1n Pelczar \u2013\u00a028 de marzo"},"content":{"rendered":"<p style=\"text-align: justify\">&nbsp;<\/p>\n<p style=\"text-align: justify\"><span lang=\"\">(ZENIT &#8211; Madrid).- Naci\u00f3 el 17 de enero del 1842 en Korczyna, Polonia. Sus padres tuvieron muy en cuenta sus grandes dotes para el estudio, haciendo posible que recibiese esmerada formaci\u00f3n, sin descuidar su educaci\u00f3n en la fe. Muy pronto descubri\u00f3 que deseaba seguir a Cristo. A\u00fan no hab\u00eda terminado la primera fase de su preparaci\u00f3n acad\u00e9mica y ya anot\u00f3 en su diario: \u00abLos ideales de la tierra palidecen, el ideal de la vida lo veo en el sacrificio y el ideal del sacrificio en el sacerdocio\u00bb. Eligi\u00f3 esta v\u00eda sin pensar que tal decisi\u00f3n implicar\u00eda asumir \u00edntimas renuncias. <\/span><\/p>\n<p style=\"text-align: justify\"><span lang=\"\">En 1860 inici\u00f3 los estudios eclesi\u00e1sticos en el seminario de Przemy\u015bl; cuatro a\u00f1os m\u00e1s tarde era sacerdote. Puso en manos de Jes\u00fas y de Mar\u00eda su acontecer humano, espiritual y apost\u00f3lico, y se dispuso a cumplir la voluntad divina bajo esta consigna: \u00abTodo por el sacrat\u00edsimo Coraz\u00f3n de Jes\u00fas, a trav\u00e9s de las manos inmaculadas de la Sant\u00edsima Virgen Mar\u00eda\u00bb. Primeramente fue vicario parroquial de Sambor. Pero no se pod\u00edan desperdiciar sus altas cualidades intelectuales. Por ello, fue enviado a Roma para cursar estudios que simultane\u00f3 en dos universidades, la Gregoriana, entonces Collegium Romanum, y la Lateranense, que en esa \u00e9poca era Instituto de san Apolinar. Fueron dos intensos a\u00f1os de dedicaci\u00f3n que luego le permitieron impartir clases en el seminario de Przemy\u015bl y en la universidad Jagell\u00f3nica de Cracovia. <\/span><\/p>\n<p style=\"text-align: justify\"><span lang=\"\">Se doctor\u00f3 en teolog\u00eda y en derecho can\u00f3nico. Entre sus m\u00e9ritos acad\u00e9micos se halla haber sido decano de la facultad de teolog\u00eda, que se ocup\u00f3 de renovar, vicerrector de la universidad y rector del Almae Matris de Cracovia. Es obvio que su labor recib\u00eda gran estima. Pero la tarea universitaria fundamentalmente fue para \u00e9l otro instrumento apost\u00f3lico que le permiti\u00f3 acercarse a docentes y alumnos. Realiz\u00f3 con ellos una importante labor en los veintid\u00f3s a\u00f1os de actividad profesional. En su ejercicio pastoral tuvo siempre presentes las necesidades de los dem\u00e1s que encauz\u00f3 con su ingente acci\u00f3n caritativo-social. Colabor\u00f3 con distintas asociaciones educativas cat\u00f3licas. Fue presidente de la Asociaci\u00f3n de la educaci\u00f3n popular y formaba parte de la Asociaci\u00f3n de san Vicente de Pa\u00fal. Adem\u00e1s, impuls\u00f3 \u00abLa Fraternidad de la Inmaculada Virgen Mar\u00eda, Reina de Polonia\u00bb. A trav\u00e9s de ella daba cobijo a trabajadores, pobres, alcoh\u00f3licos, emigrantes, hu\u00e9rfanos, empleadas dom\u00e9sticas, en particular las que se hallaban en paro, y enfermas, para las que abri\u00f3 una escuela. Imparti\u00f3 numerosas conferencias y distribuy\u00f3 gratuitamente entre la gente miles de obras. Se le debe la existencia de un nutrido n\u00famero de bibliotecas y salas de lectura. Supo aunar su labor cient\u00edfica y acad\u00e9mica con la misi\u00f3n apost\u00f3lica. <\/span><\/p>\n<p style=\"text-align: justify\"><span lang=\"\">Fue un insigne predicador y confesor. Todo en \u00e9l fue un af\u00e1n de adecuar su vida a la voluntad divina: \u00abEl acuerdo con la voluntad de Dios trae una paz inquebrantable. \u00bfQu\u00e9 puede inquietar al que todo lo recibe con alegr\u00eda, sabiendo que todo proviene de la voluntad de Dios llena de amor?\u00bb. Su austeridad y esp\u00edritu de entrega le instaba a repartir sus bienes entre los necesitados, pero siempre mirando a esa frontera del amor a todos en Cristo, sin la cual nada tiene sentido. Tuvo claro el cariz espiritual de su compromiso apost\u00f3lico: \u00abNo basta dar dinero a los pobres. El dinero no tiene ojos, labios, ni coraz\u00f3n. El dinero no hablar\u00e1, no consolar\u00e1, no aconsejar\u00e1. Mientras que el pobre necesita el consuelo, alivio, consejo y esperanza. La verdadera prueba del amor y misericordia para con los pobres es visitarlos\u00bb [\u2026]. \u00abServir a Dios es nuestra tarea principal. Tarea m\u00e1s importante frente a la cual todo lo dem\u00e1s es nada\u00bb. <\/span><\/p>\n<p style=\"text-align: justify\"><span lang=\"\">Su devoci\u00f3n al Sagrado Coraz\u00f3n de Jes\u00fas le llev\u00f3 a fundar en 1894, junto a la Madre Klara Szczesna, la Congregaci\u00f3n de las Siervas del Sagrado Coraz\u00f3n de Jes\u00fas. Ten\u00edan como objetivo los j\u00f3venes, enfermos y los que precisasen cualquier tipo de ayuda. Humilde, y con el sentido de indignidad que acompa\u00f1a a los genuinos disc\u00edpulos de Cristo, pasado el tiempo manifest\u00f3: \u00abQue Dios me perdone este atrevimiento, porque hasta hoy, fundadores eran las personas santas, pero lo que me justifica son las circunstancias en las cuales he visto claramente la voluntad de Dios\u00bb.<\/span><\/p>\n<p style=\"text-align: justify\"><span lang=\"\">En 1899 fue nombrado obispo auxiliar y un a\u00f1o m\u00e1s tarde prelado titular de la di\u00f3cesis de Przemy\u015bl. No desperdici\u00f3 ning\u00fan momento de su tiempo. Sab\u00eda del valor de la oraci\u00f3n y su repercusi\u00f3n en la vida espiritual y apost\u00f3lica. Es la caracter\u00edstica com\u00fanmente compartida por todos los que alcanzaron la santidad. En la oraci\u00f3n se plantearon las grandes cuitas de su existencia, suplicaron la conversi\u00f3n personal y pidieron ardientemente la gracia de saber tocar el coraz\u00f3n de las gentes para llevarlas a Cristo. Fue uno de los manjares que gustaron junto a la Eucarist\u00eda, nutri\u00e9ndose a la par con la Palabra de Dios. Sebasti\u00e1n no fue una excepci\u00f3n. <\/span><\/p>\n<p style=\"text-align: justify\"><span lang=\"\">Uno de los testigos de su fecunda vida sintetiz\u00f3 con estas palabras lo que hab\u00eda aprendido de \u00e9l: \u00abLas personas laboriosas, especialmente las que pasan m\u00e1s tiempo en la intimidad con Dios que con los hombres, tienen tiempo para todo\u00bb. Este es otro fruto de la oraci\u00f3n: la multiplicaci\u00f3n del mismo de una forma sorprendente. No hay m\u00e1s que ver las biograf\u00edas de los santos con trayectorias tan intensas como ins\u00f3litamente creativas. Pelczcar, cuyo lema fue: \u00abTodo para el \u00fanico Dios\u00bb, escribi\u00f3 numerosas cartas pastorales, imparti\u00f3 charlas y homil\u00edas que encaden\u00f3 junto a obras teol\u00f3gicas, hist\u00f3ricas, textos sobre la ley can\u00f3nica, manuales y devocionarios. Viendo su quehacer en conjunto est\u00e1 claro que una gracia tuvo que dilatar sus horas. Muri\u00f3 la madrugada del 28 de marzo de 1924. Fue beatificado por Juan Pablo II el 2 de junio de 1991. No hab\u00eda sido un te\u00f3rico de la vida espiritual, sino un fidel\u00edsimo seguidor de Cristo. Por eso, el pont\u00edfice dijo en la ceremonia: \u00abHe aqu\u00ed un hombre que no solamente dec\u00eda \u2018Se\u00f1or, Se\u00f1or\u2019 sino que cumpl\u00eda la voluntad de Dios\u00bb. \u00c9l mismo lo canoniz\u00f3 el 18 de mayo de 2003. <\/span><\/p>\n<p><span class=\"et_bloom_bottom_trigger\"><\/span><\/p>\n<p><a href=\"https:\/\/es.zenit.org\/\" target=\"_blank\" rel=\"nofollow\">Fuente: es.zenit.org<\/a><\/p>\n","protected":false},"excerpt":{"rendered":"<p>&nbsp; (ZENIT &#8211; Madrid).- Naci\u00f3 el 17 de enero del 1842 en Korczyna, Polonia. Sus padres tuvieron muy en cuenta sus grandes dotes para el estudio, haciendo posible que recibiese esmerada formaci\u00f3n, sin descuidar su educaci\u00f3n en la fe. Muy pronto descubri\u00f3 que deseaba seguir a Cristo. A\u00fan no hab\u00eda terminado la primera fase de &hellip; <a href=\"https:\/\/www.biblia.work\/noticias\/san-jose-sebastian-pelczar-28-de-marzo-2\/\" class=\"more-link\">Continuar leyendo<span class=\"screen-reader-text\"> \u00abSan Jos\u00e9 Sebasti\u00e1n Pelczar \u2013\u00a028 de marzo\u00bb<\/span><\/a><\/p>\n","protected":false},"author":1,"featured_media":0,"comment_status":"open","ping_status":"closed","sticky":false,"template":"","format":"standard","meta":{"footnotes":""},"categories":[1],"tags":[],"class_list":["post-13147","post","type-post","status-publish","format-standard","hentry","category-general"],"_links":{"self":[{"href":"https:\/\/www.biblia.work\/noticias\/wp-json\/wp\/v2\/posts\/13147","targetHints":{"allow":["GET"]}}],"collection":[{"href":"https:\/\/www.biblia.work\/noticias\/wp-json\/wp\/v2\/posts"}],"about":[{"href":"https:\/\/www.biblia.work\/noticias\/wp-json\/wp\/v2\/types\/post"}],"author":[{"embeddable":true,"href":"https:\/\/www.biblia.work\/noticias\/wp-json\/wp\/v2\/users\/1"}],"replies":[{"embeddable":true,"href":"https:\/\/www.biblia.work\/noticias\/wp-json\/wp\/v2\/comments?post=13147"}],"version-history":[{"count":0,"href":"https:\/\/www.biblia.work\/noticias\/wp-json\/wp\/v2\/posts\/13147\/revisions"}],"wp:attachment":[{"href":"https:\/\/www.biblia.work\/noticias\/wp-json\/wp\/v2\/media?parent=13147"}],"wp:term":[{"taxonomy":"category","embeddable":true,"href":"https:\/\/www.biblia.work\/noticias\/wp-json\/wp\/v2\/categories?post=13147"},{"taxonomy":"post_tag","embeddable":true,"href":"https:\/\/www.biblia.work\/noticias\/wp-json\/wp\/v2\/tags?post=13147"}],"curies":[{"name":"wp","href":"https:\/\/api.w.org\/{rel}","templated":true}]}}