{"id":13148,"date":"2017-03-27T12:40:03","date_gmt":"2017-03-27T17:40:03","guid":{"rendered":"http:\/\/www.biblia.work\/noticias\/el-salvador-a-un-paso-de-la-aprobacion-de-la-ley-contra-la-mineria-metalica\/"},"modified":"2017-03-27T12:40:03","modified_gmt":"2017-03-27T17:40:03","slug":"el-salvador-a-un-paso-de-la-aprobacion-de-la-ley-contra-la-mineria-metalica","status":"publish","type":"post","link":"https:\/\/www.biblia.work\/noticias\/el-salvador-a-un-paso-de-la-aprobacion-de-la-ley-contra-la-mineria-metalica\/","title":{"rendered":"El Salvador a un paso de la aprobaci\u00f3n de la ley contra la miner\u00eda met\u00e1lica"},"content":{"rendered":"<p> <img src='http:\/\/media02.radiovaticana.va\/photo\/2017\/03\/24\/REUTERS2050002_Thumbnail.JPG' alt='' align='left' hspace='5'> <\/p>\n<p><a target=\"_blank\" rel=\"nofollow\" href=\"http:\/\/es.radiovaticana.va\/news\/editorial\/reflexiones-en-frontera\">REFLEXIONES EN fRONTERA<\/a>, jesuita Guillermo Ortiz<\/p>\n<p><span><br \/>\n<audio class=\"video-js vjs-default-skin vjs-big-play-button-centered rv-custom-audio\" controls=\"\" id=\"audioItem_10006706\" preload=\"none\"><\/audio><br \/>\n<span class=\"rv-audio-download\"><a href=\"http:\/\/media02.radiovaticana.va\/audio\/audio2\/mp3\/00575355.mp3\" title=\"Download audio\"><img decoding=\"async\" src=\"http:\/\/es.radiovaticana.va\/Modules\/Presentation\/Styles\/images-common\/icons\/download-audio-mp3_off.png\" style=\"height: 30px\" \/><\/a><\/span> <\/span><\/p>\n<p>(RV).- El 24 de marzo el Papa recibi&oacute; a 27 jefes de estado de la Uni&oacute;n Europea, que llegaron a Roma por el aniversario de los Tratados de Roma. En esta ocasi&oacute;n dijo entre otras cosas: &ldquo;Volver a Roma sesenta a&ntilde;os m&aacute;s tarde no puede ser s&oacute;lo un viaje al pasado, sino m&aacute;s bien el deseo de redescubrir la memoria viva de ese evento para comprender su importancia en el presente. Es necesario conocer bien los desaf&iacute;os de entonces para hacer frente a los de hoy y a los del futuro&hellip;&rdquo;.<\/p>\n<p>Un d&iacute;a despu&eacute;s en Mil&aacute;n, hablando del desconcierto de Mar&iacute;a acus&oacute; que &ldquo;se especula hoy sobre la vida, sobre el trabajo, sobre la familia. Se especula sobre los pobres y sobre los marginados; se especula sobre los j&oacute;venes y sobre su futuro. Todo parece reducirse a cifras, dejando, de otro lado, que la vida cotidiana de tantas familias se manche de precariedad y de inseguridad. Mientras el dolor toca muchas puertas, mientras en tantos j&oacute;venes crece la insatisfacci&oacute;n por falta de reales oportunidades, la especulaci&oacute;n abunda por todas partes&rdquo;.<\/p>\n<p>Muchos dicen que los curas no deben meterse en pol&iacute;tica, pero ante la corrupci&oacute;n dominante o simplemente, frente a los intereses de parte de cada naci&oacute;n, parece que la Iglesia es la &uacute;nica que sigue preocup&aacute;ndose por el bien com&uacute;n y luchando por el respeto de la dignidad de la persona humana desde la fe y con la fuerza del esp&iacute;ritu. Mientras tanto, por la declaraci&oacute;n final realizada por los jefes de la uni&oacute;n, pareciera que vinieron solamente para celebrar un aniversario m&aacute;s y no para afrontar los desaf&iacute;os. <a target=\"_blank\" rel=\"nofollow\" href=\"https:\/\/twitter.com\/jesuitaGuillo\">@jesuitaGuillo<\/a><\/p>\n<p><a href=\"http:\/\/es.radiovaticana.va\" target=\"_blank\" rel=\"nofollow\">Fuente: es.radiovaticana.va<\/a><\/p>\n","protected":false},"excerpt":{"rendered":"<p>REFLEXIONES EN fRONTERA, jesuita Guillermo Ortiz (RV).- El 24 de marzo el Papa recibi&oacute; a 27 jefes de estado de la Uni&oacute;n Europea, que llegaron a Roma por el aniversario de los Tratados de Roma. En esta ocasi&oacute;n dijo entre otras cosas: &ldquo;Volver a Roma sesenta a&ntilde;os m&aacute;s tarde no puede ser s&oacute;lo un viaje &hellip; <a href=\"https:\/\/www.biblia.work\/noticias\/el-salvador-a-un-paso-de-la-aprobacion-de-la-ley-contra-la-mineria-metalica\/\" class=\"more-link\">Continuar leyendo<span class=\"screen-reader-text\"> \u00abEl Salvador a un paso de la aprobaci\u00f3n de la ley contra la miner\u00eda met\u00e1lica\u00bb<\/span><\/a><\/p>\n","protected":false},"author":1,"featured_media":0,"comment_status":"open","ping_status":"closed","sticky":false,"template":"","format":"standard","meta":{"footnotes":""},"categories":[1],"tags":[],"class_list":["post-13148","post","type-post","status-publish","format-standard","hentry","category-general"],"_links":{"self":[{"href":"https:\/\/www.biblia.work\/noticias\/wp-json\/wp\/v2\/posts\/13148","targetHints":{"allow":["GET"]}}],"collection":[{"href":"https:\/\/www.biblia.work\/noticias\/wp-json\/wp\/v2\/posts"}],"about":[{"href":"https:\/\/www.biblia.work\/noticias\/wp-json\/wp\/v2\/types\/post"}],"author":[{"embeddable":true,"href":"https:\/\/www.biblia.work\/noticias\/wp-json\/wp\/v2\/users\/1"}],"replies":[{"embeddable":true,"href":"https:\/\/www.biblia.work\/noticias\/wp-json\/wp\/v2\/comments?post=13148"}],"version-history":[{"count":0,"href":"https:\/\/www.biblia.work\/noticias\/wp-json\/wp\/v2\/posts\/13148\/revisions"}],"wp:attachment":[{"href":"https:\/\/www.biblia.work\/noticias\/wp-json\/wp\/v2\/media?parent=13148"}],"wp:term":[{"taxonomy":"category","embeddable":true,"href":"https:\/\/www.biblia.work\/noticias\/wp-json\/wp\/v2\/categories?post=13148"},{"taxonomy":"post_tag","embeddable":true,"href":"https:\/\/www.biblia.work\/noticias\/wp-json\/wp\/v2\/tags?post=13148"}],"curies":[{"name":"wp","href":"https:\/\/api.w.org\/{rel}","templated":true}]}}