{"id":13155,"date":"2017-03-27T14:15:03","date_gmt":"2017-03-27T19:15:03","guid":{"rendered":"http:\/\/www.biblia.work\/noticias\/adios-paloma-gomez-borrero-la-primera-vaticanista-espanola\/"},"modified":"2017-03-27T14:15:03","modified_gmt":"2017-03-27T19:15:03","slug":"adios-paloma-gomez-borrero-la-primera-vaticanista-espanola","status":"publish","type":"post","link":"https:\/\/www.biblia.work\/noticias\/adios-paloma-gomez-borrero-la-primera-vaticanista-espanola\/","title":{"rendered":"\u00a1Adi\u00f3s Paloma G\u00f3mez Borrero! la primera vaticanista espa\u00f1ola"},"content":{"rendered":"<p style=\"text-align: justify\">&nbsp;<\/p>\n<p style=\"text-align: justify\">(ZENIT &#8211; Roma, 27 Mar. 2017).- Paloma G\u00f3mez Borrero, una de las periodistas m\u00e1s brillantes que ha tenido Espa\u00f1a, vaticanista que sigui\u00f3 104 viajes apost\u00f3licos de Juan Pablo II y despu\u00e9s varios de Benedicto XVI, y que se convirti\u00f3 en &#8220;la mejor representante\u00a0de Espa\u00f1a en Italia, falleci\u00f3 este viernes 24 de marzo en Madrid.<\/p>\n<p style=\"text-align: justify\">En el Vaticano se\u00f1alaron: \u201cLa Direcci\u00f3n de la oficina de prensa de la Santa Sede, en nombre de la Secretar\u00eda para la Comunicaci\u00f3n recuerda con afecto la hist\u00f3rica vaticanista Paloma G\u00f3mez Borrero, fallecida el viernes 24 de marzo de 2017 en Madrid \u2013 Espa\u00f1a, a la edad de 82 a\u00f1os, rezamos una oraci\u00f3n\u201d.<\/p>\n<p style=\"text-align: justify\">Adem\u00e1s de su corresponsal\u00eda para la TVE, la televisi\u00f3n p\u00fablica espa\u00f1ola y despu\u00e9s para la radio de los obispos espa\u00f1oles, Radio Cope, trabaj\u00f3 para diversos programas.<\/p>\n<p style=\"text-align: justify\">Micr\u00f3fono en mano Paloma Borrero tambi\u00e9n transmiti\u00f3 para muchas emisoras latinoamericanas, en particular de Argentina, &#8216;sin nunca cobrarles un peso&#8217; confi\u00f3 en una oportunidad. O sea una vocaci\u00f3n que iba m\u00e1s all\u00e1 de cualquier contrato. Llena de an\u00e9cdotas para contar, sab\u00eda bromear y re\u00edrse sobre sus &#8216;gaffes&#8217;, y\u00a0sobre palabras que se usan en Espa\u00f1a y Am\u00e9rica Latina, pero con dobles sentidos. Quien se sentaba en su misma mesa durante alg\u00fan evento sab\u00eda que ten\u00eda la alegr\u00eda asegurada.<\/p>\n<p style=\"text-align: justify\">Un<em> tweet<\/em> del primer ministro espa\u00f1ol Mariano Rajoy la define \u201cgran periodista\u201d, el presidente de RTVE,\u00a0Jos\u00e9 Antonio S\u00e1nchez,\u00a0 indic\u00f3 &#8220;Es parte de la\u00a0historia y la tradici\u00f3n del periodismo&#8221; y el presidente de la Academia de la Televisi\u00f3n,\u00a0Manuel Campo Vidal, se\u00f1al\u00f3 que fue &#8220;pionera en todo&#8221;.<\/p>\n<p style=\"text-align: justify\">El periodista Alfredo Urdaci destac\u00f3\u00a0que Paloma \u00a0&#8220;siempre hizo del periodismo una buena noticia&#8221;, porque &#8220;ten\u00eda un compromiso muy firme con la verdad&#8221;.<\/p>\n<p style=\"text-align: justify\">No me olvid\u00e9is. Un beso muy grande\u201d fue el \u00faltimo mensaje de <em>WhatsApp<\/em> que escribi\u00f3 Paloma G\u00f3mez Borrero, \u00a0al un productor de 13TV que reclamaba su presencia en el programa &#8216;Hoy es noticia&#8217;.<\/p>\n<p><span class=\"et_bloom_bottom_trigger\"><\/span><\/p>\n<p><a href=\"https:\/\/es.zenit.org\/\" target=\"_blank\" rel=\"nofollow\">Fuente: es.zenit.org<\/a><\/p>\n","protected":false},"excerpt":{"rendered":"<p>&nbsp; (ZENIT &#8211; Roma, 27 Mar. 2017).- Paloma G\u00f3mez Borrero, una de las periodistas m\u00e1s brillantes que ha tenido Espa\u00f1a, vaticanista que sigui\u00f3 104 viajes apost\u00f3licos de Juan Pablo II y despu\u00e9s varios de Benedicto XVI, y que se convirti\u00f3 en &#8220;la mejor representante\u00a0de Espa\u00f1a en Italia, falleci\u00f3 este viernes 24 de marzo en Madrid. &hellip; <a href=\"https:\/\/www.biblia.work\/noticias\/adios-paloma-gomez-borrero-la-primera-vaticanista-espanola\/\" class=\"more-link\">Continuar leyendo<span class=\"screen-reader-text\"> \u00ab\u00a1Adi\u00f3s Paloma G\u00f3mez Borrero! la primera vaticanista espa\u00f1ola\u00bb<\/span><\/a><\/p>\n","protected":false},"author":1,"featured_media":0,"comment_status":"open","ping_status":"closed","sticky":false,"template":"","format":"standard","meta":{"footnotes":""},"categories":[1],"tags":[],"class_list":["post-13155","post","type-post","status-publish","format-standard","hentry","category-general"],"_links":{"self":[{"href":"https:\/\/www.biblia.work\/noticias\/wp-json\/wp\/v2\/posts\/13155","targetHints":{"allow":["GET"]}}],"collection":[{"href":"https:\/\/www.biblia.work\/noticias\/wp-json\/wp\/v2\/posts"}],"about":[{"href":"https:\/\/www.biblia.work\/noticias\/wp-json\/wp\/v2\/types\/post"}],"author":[{"embeddable":true,"href":"https:\/\/www.biblia.work\/noticias\/wp-json\/wp\/v2\/users\/1"}],"replies":[{"embeddable":true,"href":"https:\/\/www.biblia.work\/noticias\/wp-json\/wp\/v2\/comments?post=13155"}],"version-history":[{"count":0,"href":"https:\/\/www.biblia.work\/noticias\/wp-json\/wp\/v2\/posts\/13155\/revisions"}],"wp:attachment":[{"href":"https:\/\/www.biblia.work\/noticias\/wp-json\/wp\/v2\/media?parent=13155"}],"wp:term":[{"taxonomy":"category","embeddable":true,"href":"https:\/\/www.biblia.work\/noticias\/wp-json\/wp\/v2\/categories?post=13155"},{"taxonomy":"post_tag","embeddable":true,"href":"https:\/\/www.biblia.work\/noticias\/wp-json\/wp\/v2\/tags?post=13155"}],"curies":[{"name":"wp","href":"https:\/\/api.w.org\/{rel}","templated":true}]}}