{"id":13163,"date":"2017-03-27T22:05:03","date_gmt":"2017-03-28T03:05:03","guid":{"rendered":"http:\/\/www.biblia.work\/noticias\/famoso-musico-catolico-martin-valverde-sufre-accidente-de-auto-junto-a-su-familia\/"},"modified":"2017-03-27T22:05:03","modified_gmt":"2017-03-28T03:05:03","slug":"famoso-musico-catolico-martin-valverde-sufre-accidente-de-auto-junto-a-su-familia","status":"publish","type":"post","link":"https:\/\/www.biblia.work\/noticias\/famoso-musico-catolico-martin-valverde-sufre-accidente-de-auto-junto-a-su-familia\/","title":{"rendered":"Famoso m\u00fasico cat\u00f3lico Mart\u00edn Valverde sufre accidente de auto junto a su familia"},"content":{"rendered":"<p> REDACCI\u00d3N CENTRAL, 27 Mar. 17 (ACI).-<br \/>\n\tEl famoso m&uacute;sico cat&oacute;lico Mart&iacute;n Valverde sufri&oacute; este mediod&iacute;a un accidente automovil&iacute;stico en Guadalajara (M&eacute;xico) junto a su esposa, Lizzy, y a su hijo Jorge Pablo.<\/p>\n<p style=\"text-align: justify\">\n\tSeg&uacute;n inform&oacute; en un video en Facebook el tambi&eacute;n m&uacute;sico Kiki Troia, tras hablar con los m&eacute;dicos que atienden a la familia Valverde, &ldquo;los pron&oacute;sticos son dentro de todo alentadores, aunque todav&iacute;a no terminan de hacerle estudios&rdquo;.<\/p>\n<p style=\"text-align: justify\">\n\t\tme confirman que en el accidente de este medio dia en L&oacute;pez Mateos quedan heridos: Mart&iacute;n Valverde, su esposa Lizzy y su hijo menor jorge pic.twitter.com\/1wsaatLsNY<\/p>\n<p>\t&mdash; RAMIRO ESCOTO ? (@Ramiro_Escoto) 28 de marzo de 2017<\/p>\n<p style=\"text-align: justify\">\n\t&ldquo;Los tres est&aacute;n conscientes, est&aacute;n algo doloridos, sobre todo Mart&iacute;n, dolorido del cuello&rdquo;, dijo Troia, y explic&oacute; que los m&eacute;dicos &ldquo;les hicieron tomograf&iacute;as&rdquo; y &ldquo;est&aacute;n descartando cuestiones de gravedad&rdquo;.<\/p>\n<p style=\"text-align: justify\">\n\t&ldquo;Hasta ahora no encontraron nada serio en ninguno de los tres, aunque el choque si se ve que fue muy violento, muy fuerte&rdquo;, se&ntilde;al&oacute;.<\/p>\n<p style=\"text-align: justify\">\n<p style=\"text-align: justify\">\n\tKiki Troia reiter&oacute; que &ldquo;est&aacute;n aparentemente los tres dentro de todo est&aacute;n estables y esperan que no tengan nada serio&rdquo;.<\/p>\n<p style=\"text-align: justify\">\n\tAl finalizar su video, Troia pidi&oacute; a a la gente que &ldquo;sigan rezando&rdquo; y agradeci&oacute; las oraciones por la salud de Mart&iacute;n y su familia.<\/p>\n<p style=\"text-align: justify\">\n\tTambi&eacute;n te puede interesar:<\/p>\n<p style=\"text-align: justify\">\n\t\t3 consejos para evangelizar mejor en las redes sociales https:\/\/t.co\/AGlGynoMzC<\/p>\n<p>\t&mdash; ACI Prensa (@aciprensa) 28 de marzo de 2017<\/p>\n","protected":false},"excerpt":{"rendered":"<p>REDACCI\u00d3N CENTRAL, 27 Mar. 17 (ACI).- El famoso m&uacute;sico cat&oacute;lico Mart&iacute;n Valverde sufri&oacute; este mediod&iacute;a un accidente automovil&iacute;stico en Guadalajara (M&eacute;xico) junto a su esposa, Lizzy, y a su hijo Jorge Pablo. Seg&uacute;n inform&oacute; en un video en Facebook el tambi&eacute;n m&uacute;sico Kiki Troia, tras hablar con los m&eacute;dicos que atienden a la familia Valverde, &hellip; <a href=\"https:\/\/www.biblia.work\/noticias\/famoso-musico-catolico-martin-valverde-sufre-accidente-de-auto-junto-a-su-familia\/\" class=\"more-link\">Continuar leyendo<span class=\"screen-reader-text\"> \u00abFamoso m\u00fasico cat\u00f3lico Mart\u00edn Valverde sufre accidente de auto junto a su familia\u00bb<\/span><\/a><\/p>\n","protected":false},"author":1,"featured_media":0,"comment_status":"open","ping_status":"closed","sticky":false,"template":"","format":"standard","meta":{"footnotes":""},"categories":[1],"tags":[],"class_list":["post-13163","post","type-post","status-publish","format-standard","hentry","category-general"],"_links":{"self":[{"href":"https:\/\/www.biblia.work\/noticias\/wp-json\/wp\/v2\/posts\/13163","targetHints":{"allow":["GET"]}}],"collection":[{"href":"https:\/\/www.biblia.work\/noticias\/wp-json\/wp\/v2\/posts"}],"about":[{"href":"https:\/\/www.biblia.work\/noticias\/wp-json\/wp\/v2\/types\/post"}],"author":[{"embeddable":true,"href":"https:\/\/www.biblia.work\/noticias\/wp-json\/wp\/v2\/users\/1"}],"replies":[{"embeddable":true,"href":"https:\/\/www.biblia.work\/noticias\/wp-json\/wp\/v2\/comments?post=13163"}],"version-history":[{"count":0,"href":"https:\/\/www.biblia.work\/noticias\/wp-json\/wp\/v2\/posts\/13163\/revisions"}],"wp:attachment":[{"href":"https:\/\/www.biblia.work\/noticias\/wp-json\/wp\/v2\/media?parent=13163"}],"wp:term":[{"taxonomy":"category","embeddable":true,"href":"https:\/\/www.biblia.work\/noticias\/wp-json\/wp\/v2\/categories?post=13163"},{"taxonomy":"post_tag","embeddable":true,"href":"https:\/\/www.biblia.work\/noticias\/wp-json\/wp\/v2\/tags?post=13163"}],"curies":[{"name":"wp","href":"https:\/\/api.w.org\/{rel}","templated":true}]}}