{"id":13165,"date":"2017-03-27T23:05:03","date_gmt":"2017-03-28T04:05:03","guid":{"rendered":"http:\/\/www.biblia.work\/noticias\/obispos-de-mexico-expresan-condolencias-por-sacerdote-indigena-asesinado\/"},"modified":"2017-03-27T23:05:03","modified_gmt":"2017-03-28T04:05:03","slug":"obispos-de-mexico-expresan-condolencias-por-sacerdote-indigena-asesinado","status":"publish","type":"post","link":"https:\/\/www.biblia.work\/noticias\/obispos-de-mexico-expresan-condolencias-por-sacerdote-indigena-asesinado\/","title":{"rendered":"Obispos de M\u00e9xico expresan condolencias por sacerdote ind\u00edgena asesinado"},"content":{"rendered":"<p> CIUDAD DE M\u00c9XICO, 27 Mar. 17 (ACI).-<br \/>\n\tLos obispos mexicanos expresaron sus condolencias por el asesinato del P. Felipe Altamirano Carrillo, sacerdote ind&iacute;gena de la Prelatura del Nayar, en el estado de Nayarit (M&eacute;xico) el 27 de marzo.<\/p>\n<p style=\"text-align: justify\">\n\tEn un comunicado firmado el 27 de marzo&nbsp;por el Arzobispo de Guadalajara y Presidente de la Conferencia del Episcopado Mexicano (CEM), Cardenal Francisco Robles Ortega, los obispos pidieron a Dios por el eterno descanso del P. Altamirano Carrillo, y para &ldquo;que el Se&ntilde;or conceda a sus familiares y amigos la fortaleza, la esperanza y el consuelo de la fe&rdquo;.<\/p>\n<p style=\"text-align: justify\">\n\tEn septiembre de 2016, en base a cifras de asesinatos de la unidad de investigaci&oacute;n del Centro Cat&oacute;lico Multimedial (CCM), el P. Hugo Valdemar, vocero de la Arquidi&oacute;cesis Primada de M&eacute;xico, se&ntilde;al&oacute; que M&eacute;xico es el pa&iacute;s m&aacute;s peligroso para los sacerdotes.<\/p>\n<p style=\"text-align: justify\">\n\t&ldquo;La Conferencia del Episcopado Mexicano expresa sus condolencias y se une en oraci&oacute;n al Se&ntilde;or Obispo, Mons. Jos&eacute; de Jes&uacute;s Gonz&aacute;lez Hern&aacute;ndez, O.F.M., al clero, a la vida consagrada y a los fieles laicos de la Prelatura del Nayar, a los padres y familiares del Pbro. Felipe Altamirano Carillo, sacerdote ind&iacute;gena, quien fue privado de la vida el d&iacute;a de hoy por la ma&ntilde;ana&rdquo;.<\/p>\n<p style=\"text-align: justify\">\n\tLa CEM se&ntilde;al&oacute; que &ldquo;en estos momentos en que nuevamente un sacerdote cat&oacute;lico es alcanzado por el crimen, dirigimos nuestra mirada a Cristo Resucitado, quien nos confiere la fuerza para luchar por la construcci&oacute;n de un mundo reconciliado y en paz, justo y fraterno&rdquo;.<\/p>\n<p style=\"text-align: justify\">\n\t&ldquo;La muerte no es el final del mensaje de amor que nos trajo nuestro Salvador, sino la vida en plenitud. Con su sacerdocio, el Padre Felipe encarn&oacute; estas certezas que nos da la fe&rdquo;, aseguraron los obispos.<\/p>\n<p style=\"text-align: justify\">\n\tTambi&eacute;n te puede interesar:<\/p>\n<p style=\"text-align: justify\">\n\t\tAgencia vaticana informa el n&uacute;mero de agentes pastorales asesinados en 2016 https:\/\/t.co\/t3XkSpXhmp<\/p>\n<p>\t&mdash; ACI Prensa (@aciprensa) 1 de enero de 2017<\/p>\n","protected":false},"excerpt":{"rendered":"<p>CIUDAD DE M\u00c9XICO, 27 Mar. 17 (ACI).- Los obispos mexicanos expresaron sus condolencias por el asesinato del P. Felipe Altamirano Carrillo, sacerdote ind&iacute;gena de la Prelatura del Nayar, en el estado de Nayarit (M&eacute;xico) el 27 de marzo. En un comunicado firmado el 27 de marzo&nbsp;por el Arzobispo de Guadalajara y Presidente de la Conferencia &hellip; <a href=\"https:\/\/www.biblia.work\/noticias\/obispos-de-mexico-expresan-condolencias-por-sacerdote-indigena-asesinado\/\" class=\"more-link\">Continuar leyendo<span class=\"screen-reader-text\"> \u00abObispos de M\u00e9xico expresan condolencias por sacerdote ind\u00edgena asesinado\u00bb<\/span><\/a><\/p>\n","protected":false},"author":1,"featured_media":0,"comment_status":"open","ping_status":"closed","sticky":false,"template":"","format":"standard","meta":{"footnotes":""},"categories":[1],"tags":[],"class_list":["post-13165","post","type-post","status-publish","format-standard","hentry","category-general"],"_links":{"self":[{"href":"https:\/\/www.biblia.work\/noticias\/wp-json\/wp\/v2\/posts\/13165","targetHints":{"allow":["GET"]}}],"collection":[{"href":"https:\/\/www.biblia.work\/noticias\/wp-json\/wp\/v2\/posts"}],"about":[{"href":"https:\/\/www.biblia.work\/noticias\/wp-json\/wp\/v2\/types\/post"}],"author":[{"embeddable":true,"href":"https:\/\/www.biblia.work\/noticias\/wp-json\/wp\/v2\/users\/1"}],"replies":[{"embeddable":true,"href":"https:\/\/www.biblia.work\/noticias\/wp-json\/wp\/v2\/comments?post=13165"}],"version-history":[{"count":0,"href":"https:\/\/www.biblia.work\/noticias\/wp-json\/wp\/v2\/posts\/13165\/revisions"}],"wp:attachment":[{"href":"https:\/\/www.biblia.work\/noticias\/wp-json\/wp\/v2\/media?parent=13165"}],"wp:term":[{"taxonomy":"category","embeddable":true,"href":"https:\/\/www.biblia.work\/noticias\/wp-json\/wp\/v2\/categories?post=13165"},{"taxonomy":"post_tag","embeddable":true,"href":"https:\/\/www.biblia.work\/noticias\/wp-json\/wp\/v2\/tags?post=13165"}],"curies":[{"name":"wp","href":"https:\/\/api.w.org\/{rel}","templated":true}]}}