{"id":13166,"date":"2017-03-28T01:15:02","date_gmt":"2017-03-28T06:15:02","guid":{"rendered":"http:\/\/www.biblia.work\/noticias\/comentario-a-la-liturgia-dominical-quinto-domingo-de-cuaresma\/"},"modified":"2017-03-28T01:15:02","modified_gmt":"2017-03-28T06:15:02","slug":"comentario-a-la-liturgia-dominical-quinto-domingo-de-cuaresma","status":"publish","type":"post","link":"https:\/\/www.biblia.work\/noticias\/comentario-a-la-liturgia-dominical-quinto-domingo-de-cuaresma\/","title":{"rendered":"Comentario a la liturgia dominical \u2013 Quinto domingo de Cuaresma"},"content":{"rendered":"<p style=\"text-align: justify\"><span style=\"font-size: large\"><b>Ciclo A &#8211;\u00a0<\/b><\/span><span style=\"font-size: large\"><b>Textos: Ezequiel 37, 12-14; Romanos 8, 8-11; Juan 11, 1-45<\/b><\/span><\/p>\n<p align=\"JUSTIFY\"><span style=\"font-size: large\"><span style=\"color: #333333\"><span lang=\"es-MX\">P. Antonio Rivero, L.C. Doctor en Teolog\u00eda Espiritual, profesor de Humanidades Cl\u00e1sicas en el Centro de Noviciado y Humanidades y Ciencias de la Legi\u00f3n de Cristo en Monterrey (M\u00e9xico).<\/span><\/span><\/span><\/p>\n<p align=\"JUSTIFY\"><span style=\"font-size: large\"><b>Idea principal: <\/b>\u00a1Sal del <i>sepulcro del pecado<\/i>!<b> <\/b><\/span><\/p>\n<p align=\"JUSTIFY\"><span style=\"font-size: large\"><b>Resumen del mensaje<\/b>: Cristo, adem\u00e1s de ser Agua viva (tercer domingo) y Luz (cuarto domingo), tambi\u00e9n es <i>Vida y Resurrecci\u00f3n<\/i> (quinto domingo). El Cristo Pascual ha venido para sacarnos y resucitarnos de nuestro <i>sepulcro<\/i> del pecado (primera lectura y evangelio), y darnos una <i>vida nueva<\/i> de resucitados, para no vivir ya seg\u00fan la carne sino seg\u00fan el Esp\u00edritu (segunda lectura). Cristo no quiere que nuestra vida yazca en el <i>sepulcro<\/i> de nuestro pecado y se pudra. Quiere que muramos a nuestro hombre viejo para despu\u00e9s resucitarnos y hacernos hombres nuevos, seg\u00fan el Esp\u00edritu. <\/span><\/p>\n<p align=\"JUSTIFY\"><span style=\"font-size: large\"><b>Puntos de la idea principal<\/b>:<\/span><\/p>\n<p align=\"JUSTIFY\"><span style=\"font-size: large\"><i><b>En primer lugar<\/b><\/i>, la resurrecci\u00f3n de L\u00e1zaro del <i>sepulcro<\/i> signa el punto culminante de la actividad de Jes\u00fas. Es el m\u00e1s grande de sus milagros. Mediante este extraordinario milagro, el Se\u00f1or trata de vencer la incredulidad de los jud\u00edos. En la batalla entre la fe y la incredulidad, Jes\u00fas ofrece el don de un testimonio mayor. Pero el coraz\u00f3n de los jud\u00edos se cierra, y ello los lleva a tomar la decisi\u00f3n oficial de matar al Cordero inocente, y tambi\u00e9n a L\u00e1zaro, que era testimonio vivo del poder divino de Cristo. El camino de la cruz est\u00e1 ya trazado, pero en el plan de Dios la cruz ser\u00e1 el umbral de la exaltaci\u00f3n y glorificaci\u00f3n del Padre en su Hijo. El complot de los hombres, en el plan de la Providencia, sirve a los designios de Dios. <\/span><\/p>\n<p align=\"JUSTIFY\"><span style=\"font-size: large\"><i><b>En segundo lugar<\/b><\/i>, si L\u00e1zaro es amigo \u00edntimo de Jes\u00fas y el Se\u00f1or de la vida, \u00bfpor qu\u00e9 \u00e9ste permite que muera y lo pongan en el <i>sepulcro<\/i>? Jes\u00fas permite un mal para que se manifieste la gloria de Dios. Jes\u00fas no utiliza su poder divino para evitar la muerte ignominiosa de la cruz. Por eso, ir\u00e1 al encuentro de su propia muerte por decisi\u00f3n personal. Ir\u00e1 en busca de su \u201cHora\u201d, esa hora que tanto lo angustiaba pero que al mismo tiempo anhelaba con ardor, porque ser\u00eda la hora de la glorificaci\u00f3n de su Padre y de nuestra salvaci\u00f3n mediante el Misterio de su muerte y resurrecci\u00f3n. Tal es la raz\u00f3n por la que no impidi\u00f3 la muerte de su amigo L\u00e1zaro, para que resplandeciese la gloria de su Padre, as\u00ed como no evitar\u00eda su propia muerte, para que el Padre fuese plenamente glorificado en el Hijo. S\u00f3lo as\u00ed nos sacar\u00eda del <i>sepulcro<\/i> y nos dar\u00eda una vida nueva. La muerte y resurrecci\u00f3n de L\u00e1zaro constituyen un preludio de su propia muerte y resurrecci\u00f3n. Viendo esta resurrecci\u00f3n, los ap\u00f3stoles consolidar\u00e1n su fe y se preparar\u00e1n para la gran prueba de la Pasi\u00f3n.<\/span><\/p>\n<p align=\"JUSTIFY\"><a name=\"_GoBack\"><\/a> <span style=\"font-size: large\"><i><b>Finalmente<\/b><\/i>, Jes\u00fas tambi\u00e9n quiere hoy gritar a cada uno de nosotros, como entonces a L\u00e1zaro: <i>\u201cL\u00e1zaro, sal fuera\u201d.<\/i> Sal fuera del pecado. Sal fuera de la incredulidad. Sal fuera de la pereza. Sal fuera del desaliento. Sal fuera del ego\u00edsmo. Cristo no quiere que nos pudramos en el <i>sepulcro<\/i> del pecado, pues <i>\u201cla gloria de Dios es el hombre que vive\u201d,<\/i> dec\u00eda san Ireneo. Salgamos y veremos la luz, la vida y la resurrecci\u00f3n de Cristo. En el sepulcro s\u00f3lo hay gusanos, oscuridad, descomposici\u00f3n y muerte. Y Cristo es el Se\u00f1or de la vida, y quiere hacernos part\u00edcipes de su vida divina e inmortal.<\/span><\/p>\n<p style=\"text-align: justify\">Para reflexionar: \u00bfestoy en el sepulcro del pecado o ya experiment\u00e9 durante la Cuaresma la vida nueva en Cristo Jes\u00fas? Cada vez que peco, \u00bfescucho la voz de Cristo: \u201cSal fuera\u201d? \u00bfCreo que Cristo es Vida y Resurrecci\u00f3n para todos los que le siguen?<\/p>\n<p style=\"text-align: justify\">Para rezar: Se\u00f1or, quiero en esta Cuaresma escuchar fuerte tu voz a salir del sepulcro de mi pecado, para poder encontrarme contigo que eres la Vida aut\u00e9ntica y recomenzar una nueva vida de resucitado. Am\u00e9n.<\/p>\n<p style=\"text-align: justify\"><span style=\"font-size: large\">Cualquier sugerencia o duda pueden comunicarse con el padre Antonio a este email: <a target=\"_blank\" rel=\"nofollow\" href=\"mailto:arivero@legionaries.org\">arivero@legionaries.org<\/a><\/span><\/p>\n<p><span class=\"et_bloom_bottom_trigger\"><\/span><\/p>\n<p><a href=\"https:\/\/es.zenit.org\/\" target=\"_blank\" rel=\"nofollow\">Fuente: es.zenit.org<\/a><\/p>\n","protected":false},"excerpt":{"rendered":"<p>Ciclo A &#8211;\u00a0Textos: Ezequiel 37, 12-14; Romanos 8, 8-11; Juan 11, 1-45 P. Antonio Rivero, L.C. Doctor en Teolog\u00eda Espiritual, profesor de Humanidades Cl\u00e1sicas en el Centro de Noviciado y Humanidades y Ciencias de la Legi\u00f3n de Cristo en Monterrey (M\u00e9xico). Idea principal: \u00a1Sal del sepulcro del pecado! Resumen del mensaje: Cristo, adem\u00e1s de ser &hellip; <a href=\"https:\/\/www.biblia.work\/noticias\/comentario-a-la-liturgia-dominical-quinto-domingo-de-cuaresma\/\" class=\"more-link\">Continuar leyendo<span class=\"screen-reader-text\"> \u00abComentario a la liturgia dominical \u2013 Quinto domingo de Cuaresma\u00bb<\/span><\/a><\/p>\n","protected":false},"author":1,"featured_media":0,"comment_status":"open","ping_status":"closed","sticky":false,"template":"","format":"standard","meta":{"footnotes":""},"categories":[1],"tags":[],"class_list":["post-13166","post","type-post","status-publish","format-standard","hentry","category-general"],"_links":{"self":[{"href":"https:\/\/www.biblia.work\/noticias\/wp-json\/wp\/v2\/posts\/13166","targetHints":{"allow":["GET"]}}],"collection":[{"href":"https:\/\/www.biblia.work\/noticias\/wp-json\/wp\/v2\/posts"}],"about":[{"href":"https:\/\/www.biblia.work\/noticias\/wp-json\/wp\/v2\/types\/post"}],"author":[{"embeddable":true,"href":"https:\/\/www.biblia.work\/noticias\/wp-json\/wp\/v2\/users\/1"}],"replies":[{"embeddable":true,"href":"https:\/\/www.biblia.work\/noticias\/wp-json\/wp\/v2\/comments?post=13166"}],"version-history":[{"count":0,"href":"https:\/\/www.biblia.work\/noticias\/wp-json\/wp\/v2\/posts\/13166\/revisions"}],"wp:attachment":[{"href":"https:\/\/www.biblia.work\/noticias\/wp-json\/wp\/v2\/media?parent=13166"}],"wp:term":[{"taxonomy":"category","embeddable":true,"href":"https:\/\/www.biblia.work\/noticias\/wp-json\/wp\/v2\/categories?post=13166"},{"taxonomy":"post_tag","embeddable":true,"href":"https:\/\/www.biblia.work\/noticias\/wp-json\/wp\/v2\/tags?post=13166"}],"curies":[{"name":"wp","href":"https:\/\/api.w.org\/{rel}","templated":true}]}}