{"id":13169,"date":"2017-03-28T06:15:03","date_gmt":"2017-03-28T11:15:03","guid":{"rendered":"http:\/\/www.biblia.work\/noticias\/el-papa-en-sta-marta-la-amargura-paraliza-recordar-la-alegria-del-primer-encuentro\/"},"modified":"2017-03-28T06:15:03","modified_gmt":"2017-03-28T11:15:03","slug":"el-papa-en-sta-marta-la-amargura-paraliza-recordar-la-alegria-del-primer-encuentro","status":"publish","type":"post","link":"https:\/\/www.biblia.work\/noticias\/el-papa-en-sta-marta-la-amargura-paraliza-recordar-la-alegria-del-primer-encuentro\/","title":{"rendered":"El Papa en Sta. Marta: la amargura paraliza, recordar la alegr\u00eda del primer encuentro"},"content":{"rendered":"<p style=\"text-align: justify\">(ZENIT \u2013 Ciudad del Vaticano \u2013 28 Mar. 2017).- Echarle la culpa al otro y vivir amargado porque uno se ha olvidado de la alegr\u00eda del primer encuentro. Este fue el centro de la homil\u00eda del papa Francisco en la misa de este martes en la residencia Santa Marta en el Vaticano.<\/p>\n<p style=\"text-align: justify\">El Santo Padre parte del Evangelio del d\u00eda, que narra la curaci\u00f3n del paral\u00edtico por Jes\u00fas. Un hombre enfermo desde hac\u00eda 38 a\u00f1os en el borde de una pileta en Jerusal\u00e9n, llamada en hebreo Betzat\u00e1 y donde se dec\u00eda que un \u00e1ngel agitaba las aguas y los primeros que se sumerg\u00edan en ellas quedaban curados.<\/p>\n<p style=\"text-align: justify\">Jes\u00fas le pregunta \u00bfQuieres curarte? Una palabra ante la cual los enfermos, ciegos, cojos, paral\u00edticos habr\u00edan dicho: s\u00ed, Se\u00f1or, s\u00ed.<\/p>\n<p style=\"text-align: justify\">\u201cPero este es un hombre extra\u00f1o que le responde a Jes\u00fas: &#8216;Se\u00f1or no tengo a nadie que me sumerja en la pileta cuando el agua se agita y mientras estoy por ir otro baja antes que yo. Una respuesta que contiene una queja.<\/p>\n<p style=\"text-align: justify\">Un hombre, observa el Papa, que es como un \u00e1rbol plantado a lo largo de los cursos de agua del que habla el primer salmo: \u201cpero ten\u00eda las ra\u00edces secas\u201d y \u201ca esas ra\u00edces no llegaba el agua\u201d. O sea, una actitud de lamentarse, de hecharle la culpa a los otros. \u201cEste es un pecado feo, el de la amargura\u201d.<\/p>\n<p style=\"text-align: justify\">Este hombre, explica el Papa, est\u00e1 enfermo no tanto por la par\u00e1lisis pero porque est\u00e1 amargado, que es peor que tener el coraz\u00f3n tibio. Est\u00e1 vivo porque vive, pero no tiene la alegr\u00eda de ir hacia adelante, no tener ganas de hacer nada en la vida, haber perdido la memoria de la alegr\u00eda\u201d. Se ve el \u201cresentimiento y la amargura en el coraz\u00f3n\u201d.<\/p>\n<p style=\"text-align: justify\">Pero Jes\u00fas no lo reprende, sino que le dice: \u201cLev\u00e1ntate, toma tu camilla y camina\u201d. El paral\u00edtico se cura, pero \u00a0los doctores de la Ley le dicen que no es l\u00edcito cargar la camilla porque era s\u00e1bado\u00a0y le preguntan qui\u00e9n lo ha curado en este d\u00eda: &#8216;Va contra el c\u00f3digo, ese hombre no es de Dios&#8217;.<\/p>\n<p style=\"text-align: justify\">El Papa se\u00f1ala que el paral\u00edtico ni siquiera le dio las gracias a Jes\u00fas, ni siquiera le pregunt\u00f3 el nombre. La amargura, explica el Papa, es un pecado que paraliza, nos vuelve paral\u00edticos. No nos deja caminar.<\/p>\n<p style=\"text-align: justify\">Hoy el Se\u00f1or nos dice a cada uno: \u201cLev\u00e1ntate, toma tu vida como viene, sea linda, fea o como sea, tomarla e ve hacia adelante. No tengas\u00a0miedo, ve hacia adelante con tu camilla\u201d. &#8211; Pero Se\u00f1or, no es el \u00faltimo modelo&#8230;&#8217; \u00a1Pero ve adelante!, con aquella camilla quiz\u00e1s fea, pero anda.<\/p>\n<p style=\"text-align: justify\">\u201c\u00bfQuieres curarte?, es la primera pregunta que hoy el Se\u00f1or nos hace? &#8216;\u00a1S\u00ed Se\u00f1or!&#8217;. &#8216;\u00a1Lev\u00e1ntate!&#8217; Y si nosotros le decimos al Se\u00f1or, &#8216;s\u00ed&#8217;, quiero sanarme. S\u00ed Se\u00f1or quiero levantarme, sabremos lo que es la alegr\u00eda de la salvaci\u00f3n\u201d.<\/p>\n<p><span class=\"et_bloom_bottom_trigger\"><\/span><\/p>\n<p><a href=\"https:\/\/es.zenit.org\/\" target=\"_blank\" rel=\"nofollow\">Fuente: es.zenit.org<\/a><\/p>\n","protected":false},"excerpt":{"rendered":"<p>(ZENIT \u2013 Ciudad del Vaticano \u2013 28 Mar. 2017).- Echarle la culpa al otro y vivir amargado porque uno se ha olvidado de la alegr\u00eda del primer encuentro. Este fue el centro de la homil\u00eda del papa Francisco en la misa de este martes en la residencia Santa Marta en el Vaticano. El Santo Padre &hellip; <a href=\"https:\/\/www.biblia.work\/noticias\/el-papa-en-sta-marta-la-amargura-paraliza-recordar-la-alegria-del-primer-encuentro\/\" class=\"more-link\">Continuar leyendo<span class=\"screen-reader-text\"> \u00abEl Papa en Sta. Marta: la amargura paraliza, recordar la alegr\u00eda del primer encuentro\u00bb<\/span><\/a><\/p>\n","protected":false},"author":1,"featured_media":0,"comment_status":"open","ping_status":"closed","sticky":false,"template":"","format":"standard","meta":{"footnotes":""},"categories":[1],"tags":[],"class_list":["post-13169","post","type-post","status-publish","format-standard","hentry","category-general"],"_links":{"self":[{"href":"https:\/\/www.biblia.work\/noticias\/wp-json\/wp\/v2\/posts\/13169","targetHints":{"allow":["GET"]}}],"collection":[{"href":"https:\/\/www.biblia.work\/noticias\/wp-json\/wp\/v2\/posts"}],"about":[{"href":"https:\/\/www.biblia.work\/noticias\/wp-json\/wp\/v2\/types\/post"}],"author":[{"embeddable":true,"href":"https:\/\/www.biblia.work\/noticias\/wp-json\/wp\/v2\/users\/1"}],"replies":[{"embeddable":true,"href":"https:\/\/www.biblia.work\/noticias\/wp-json\/wp\/v2\/comments?post=13169"}],"version-history":[{"count":0,"href":"https:\/\/www.biblia.work\/noticias\/wp-json\/wp\/v2\/posts\/13169\/revisions"}],"wp:attachment":[{"href":"https:\/\/www.biblia.work\/noticias\/wp-json\/wp\/v2\/media?parent=13169"}],"wp:term":[{"taxonomy":"category","embeddable":true,"href":"https:\/\/www.biblia.work\/noticias\/wp-json\/wp\/v2\/categories?post=13169"},{"taxonomy":"post_tag","embeddable":true,"href":"https:\/\/www.biblia.work\/noticias\/wp-json\/wp\/v2\/tags?post=13169"}],"curies":[{"name":"wp","href":"https:\/\/api.w.org\/{rel}","templated":true}]}}