{"id":13175,"date":"2017-03-28T09:15:03","date_gmt":"2017-03-28T14:15:03","guid":{"rendered":"http:\/\/www.biblia.work\/noticias\/calendario-de-celebraciones-de-la-semana-santa-de-2017-presididas-por-el-santo-padre-francisco\/"},"modified":"2017-03-28T09:15:03","modified_gmt":"2017-03-28T14:15:03","slug":"calendario-de-celebraciones-de-la-semana-santa-de-2017-presididas-por-el-santo-padre-francisco","status":"publish","type":"post","link":"https:\/\/www.biblia.work\/noticias\/calendario-de-celebraciones-de-la-semana-santa-de-2017-presididas-por-el-santo-padre-francisco\/","title":{"rendered":"Calendario de celebraciones de la Semana Santa de 2017 presididas por el Santo Padre Francisco"},"content":{"rendered":"<p style=\"text-align: justify\">&nbsp;<\/p>\n<p style=\"text-align: justify\">(ZENIT . &#8211; Ciudad del Vaticano, 28 Mar. 2017).- La oficina de prensa de la Santa Sede ha dado hoy a conocer el calendario con las celebraciones de Semana Santa y Pascua a las que participar\u00e1 el santo padre Francisco<\/p>\n<p style=\"text-align: justify\"><span style=\"color: #3366ff\"><strong>DOMINGO DE RAMOS<\/strong>\u00a0 &#8211;\u00a0<strong>9 de abril de 2017<\/strong> &#8211; \u00a0Y DE LA PASI\u00d3N DE NUESTRO SE\u00d1OR<\/span><br \/>\n<strong>10:00 horas,<\/strong> Plaza de San Pedro: El Santo Padre bendecir\u00e1 las palmas y ramos de olivo y, al final de la procesi\u00f3n, celebrar\u00e1 la santa \u00a0misa de la Pasi\u00f3n del Se\u00f1or.<\/p>\n<p style=\"text-align: justify\">(XXXII Jornada Mundial de la Juventud sobre el tema: &#8220;El Todopoderoso ha hecho cosas grandes en m\u00ed&#8221;)..<\/p>\n<p style=\"text-align: justify\"><span style=\"color: #3366ff\"><strong>JUEVES SANTO\u00a0&#8211;<\/strong> 13 de abril de 2017 -SANTA MISA DEL CRISMA<\/span><br \/>\n<strong>9:30 horas<\/strong>, Bas\u00edlica del Vaticano:<br \/>\nEl Santo Padre presidir\u00e1 la concelebraci\u00f3n de la santa misa crismal con los cardenales, patriarcas, arzobispos, obispos y sacerdotes (diocesanos y religiosos) presentes en Roma.<\/p>\n<p style=\"text-align: justify\"><span style=\"color: #3366ff\"><strong>VIERNES SANTO &#8211;\u00a014 de abril de 2017 &#8211; \u00a0<\/strong>CELEBRACI\u00d3N DE LA PASI\u00d3N DEL SE\u00d1OR\u00a0<\/span><br \/>\n<strong>17 horas,<\/strong>\u00a0Bas\u00edlica del Vaticano:<br \/>\nEl Santo Padre presidir\u00e1 la liturgia de la Palabra, la adoraci\u00f3n de la Cruz y el rito de la comuni\u00f3n.<br \/>\n<strong>21.15 &#8211; VIA CRUCIS &#8211; \u00a0<\/strong>Coliseo<br \/>\nEl Santo Padre presidir\u00e1 el &#8220;V\u00eda Crucis&#8221;, despu\u00e9s del cual hablar\u00e1 \u00a0a los fieles e impartir\u00e1 la bendici\u00f3n apost\u00f3lica.<\/p>\n<p style=\"text-align: justify\"><span style=\"color: #3366ff\"><strong>VIGILIA PASCUAL &#8211;\u00a015 abril 2017 &#8211; \u00a0<\/strong><\/span><br \/>\n<strong>&#8211; 20.30. Bas\u00edlica Vaticana:<\/strong><br \/>\nEl Santo Padre bendecir\u00e1 el fuego nuevo en el atrio de la bas\u00edlica de San Pedro; despu\u00e9s de la procesi\u00f3n de entrada en la bas\u00edlica con el cirio\u00a0 pascual y el canto del Exsultet,\u00a0 presidir\u00e1 la liturgia de la Palabra, la liturgia bautismal y la eucarist\u00eda, que ser\u00e1 concelebrada con los cardenales, obispos y sacerdotes que lo deseen, hasta que haya lugares disponibles.<\/p>\n<p style=\"text-align: justify\"><strong>\u00a0<span style=\"color: #3366ff\">DOMINGO DE \u00a0PASCUA\u00a0 16 abril 2017 &#8211;\u00a0<\/span><\/strong><span style=\"color: #3366ff\">EN LA RESURRECCI\u00d3N DEL SE\u00d1OR &#8211;<\/span><br \/>\n<strong>&#8211; 10 horas,<\/strong>\u00a0Plaza de San Pedro:\u00a0SANTA MISA<br \/>\nAl final de la celebraci\u00f3n \u00a0desde el balc\u00f3n central de la bas\u00edlica, impartir\u00e1 la bendici\u00f3n &#8220;Urbi et Orbi&#8221;.<\/p>\n<p><span class=\"et_bloom_bottom_trigger\"><\/span><\/p>\n<p><a href=\"https:\/\/es.zenit.org\/\" target=\"_blank\" rel=\"nofollow\">Fuente: es.zenit.org<\/a><\/p>\n","protected":false},"excerpt":{"rendered":"<p>&nbsp; (ZENIT . &#8211; Ciudad del Vaticano, 28 Mar. 2017).- La oficina de prensa de la Santa Sede ha dado hoy a conocer el calendario con las celebraciones de Semana Santa y Pascua a las que participar\u00e1 el santo padre Francisco DOMINGO DE RAMOS\u00a0 &#8211;\u00a09 de abril de 2017 &#8211; \u00a0Y DE LA PASI\u00d3N DE &hellip; <a href=\"https:\/\/www.biblia.work\/noticias\/calendario-de-celebraciones-de-la-semana-santa-de-2017-presididas-por-el-santo-padre-francisco\/\" class=\"more-link\">Continuar leyendo<span class=\"screen-reader-text\"> \u00abCalendario de celebraciones de la Semana Santa de 2017 presididas por el Santo Padre Francisco\u00bb<\/span><\/a><\/p>\n","protected":false},"author":1,"featured_media":0,"comment_status":"open","ping_status":"closed","sticky":false,"template":"","format":"standard","meta":{"footnotes":""},"categories":[1],"tags":[],"class_list":["post-13175","post","type-post","status-publish","format-standard","hentry","category-general"],"_links":{"self":[{"href":"https:\/\/www.biblia.work\/noticias\/wp-json\/wp\/v2\/posts\/13175","targetHints":{"allow":["GET"]}}],"collection":[{"href":"https:\/\/www.biblia.work\/noticias\/wp-json\/wp\/v2\/posts"}],"about":[{"href":"https:\/\/www.biblia.work\/noticias\/wp-json\/wp\/v2\/types\/post"}],"author":[{"embeddable":true,"href":"https:\/\/www.biblia.work\/noticias\/wp-json\/wp\/v2\/users\/1"}],"replies":[{"embeddable":true,"href":"https:\/\/www.biblia.work\/noticias\/wp-json\/wp\/v2\/comments?post=13175"}],"version-history":[{"count":0,"href":"https:\/\/www.biblia.work\/noticias\/wp-json\/wp\/v2\/posts\/13175\/revisions"}],"wp:attachment":[{"href":"https:\/\/www.biblia.work\/noticias\/wp-json\/wp\/v2\/media?parent=13175"}],"wp:term":[{"taxonomy":"category","embeddable":true,"href":"https:\/\/www.biblia.work\/noticias\/wp-json\/wp\/v2\/categories?post=13175"},{"taxonomy":"post_tag","embeddable":true,"href":"https:\/\/www.biblia.work\/noticias\/wp-json\/wp\/v2\/tags?post=13175"}],"curies":[{"name":"wp","href":"https:\/\/api.w.org\/{rel}","templated":true}]}}