{"id":13177,"date":"2017-03-28T10:10:03","date_gmt":"2017-03-28T15:10:03","guid":{"rendered":"http:\/\/www.biblia.work\/noticias\/gobernador-de-puerto-rico-complacido-por-40-dias-de-ayuno-y-oracion\/"},"modified":"2017-03-28T10:10:03","modified_gmt":"2017-03-28T15:10:03","slug":"gobernador-de-puerto-rico-complacido-por-40-dias-de-ayuno-y-oracion","status":"publish","type":"post","link":"https:\/\/www.biblia.work\/noticias\/gobernador-de-puerto-rico-complacido-por-40-dias-de-ayuno-y-oracion\/","title":{"rendered":"Gobernador de Puerto Rico complacido por 40 d\u00edas de Ayuno y Oraci\u00f3n"},"content":{"rendered":"<p style=\"text-align: justify\">PUERTO RICO.- Seg\u00fan el ejecutivo de la Oficina del Gobernador para las Ideas Comunitarias y Base de Fe, H\u00e9ctor Albertorio, el primer gobernante de Puerto Rico, Ricardo Rossell\u00f3, \u201cest\u00e1 muy complacido de c\u00f3mo se estuvieron creado este Decreto de 40 d\u00edas de Ayuno y Oraci\u00f3n. Hoy nos encontramos aqu\u00ed, en Naranjito, donde tenemos la posibilidad de constatar el encontronazo que tuvo esta idea en la multitud. Nos encontramos seguros que con la uni\u00f3n de nuestro pueblo que esta clase de actividad hizo, ese mejor Puerto Rico que todos deseamos y anhelamos va a ser posible\u201d, asegur\u00f3 Albertorio.<\/p>\n<p style=\"text-align: justify\">El presidente de la C\u00e1mara de Representantes, Carlos \u2018Johnny\u2019 M\u00e9ndez N\u00fa\u00f1ez, continu\u00f3 con su Decreto de 40 d\u00edas de Ayuno y Oraci\u00f3n, en una actividad efectuada en Naranjito. En la actividad participaron los alcaldes de Naranjito y Comer\u00edo, Orlando Ortiz Chevres y Jos\u00e9 \u2018Josian\u2019 Santiago Rivera, respectivamente.<\/p>\n<p style=\"text-align: justify\">Albertorio, dijo que la Fortaleza est\u00e1 muy complacida de c\u00f3mo se est\u00e1n desarrollando los ayunos y de los resultados positivos que estos traer\u00e1n.Los decretos continuaran a trav\u00e9s de toda la Isla hasta el dia 7 de abril en donde culminaran en el Distrito #40 de Carolina.<\/p>\n<p style=\"text-align: justify\"><strong>Crisis econ\u00f3mica <\/strong><\/p>\n<p style=\"text-align: justify\">Ricardo Rossell\u00f3 Nevares se jurament\u00f3 en enero de este a\u00f1o como el nuevo gobernador de Puerto Rico para los pr\u00f3ximos cuatro a\u00f1os.<\/p>\n<p style=\"text-align: justify\">El gobernador ya firm\u00f3 seis \u00f3rdenes ejecutivas, la gran mayor\u00eda marcadas por la fuerte crisis fiscal y econ\u00f3mica por la que atraviesa la isla, con una deuda p\u00fablica cercana a los 70,000 millones de d\u00f3lares.<\/p>\n<p style=\"text-align: justify\">Para sacar de la crisis a Puerto Rico Rossell\u00f3 ha propuesto:<\/p>\n<p style=\"text-align: justify\">Reducir la deuda de 70.000 millones de d\u00f3lares<\/p>\n<p style=\"text-align: justify\">Lograr un presupuesto balanceado<\/p>\n<p style=\"text-align: justify\">Reactivar el crecimiento econ\u00f3mico<\/p>\n<p style=\"text-align: justify\">Reducir el desempleo que supera el 12%<\/p>\n<p style=\"text-align: justify\">Reducir la pobreza que afecta a m\u00e1s del 40% de la poblaci\u00f3n.<\/p>\n<p style=\"text-align: justify\">Para aumentar los ingresos, Rossell\u00f3 sugiere mantener el impuesto especial del 4% a empresas extranjeras y realizar una reforma que mejore la fiscalizaci\u00f3n del Departamento de Hacienda.<\/p>\n<p style=\"text-align: justify\">Rossell\u00f3 tambi\u00e9n quiere reducir el gasto publico, pero &#8220;sin afectar servicios esenciales, ni el despido de empleados p\u00fablicos&#8221; y dice que lo lograr\u00eda eliminando los subsidios a municipios de la isla, la Universidad de Puerto Rico y entidades sin fines de lucro.<\/p>\n<p style=\"text-align: justify\">Adem\u00e1s pide reducir el gasto en n\u00f3mina del Gobierno, recortar 300 millones del gasto en salud (la Junta Fiscal pedia recortar en mil millones en este rubro).<\/p>\n<p style=\"text-align: justify\">En una carta al diario The New York Times, el ecomomista Joseph Stiglitz \u2014ganador del premio Nobel en 2001\u2014 se\u00f1al\u00f3 que la Junta de Control Fiscal, creada en junio de 2016, tiene peores exigencias que las esperadas para Grecia por sus acreedores.<\/p>\n<p style=\"text-align: justify\">Fuente: El Metro y CNN<\/p>\n<p style=\"text-align: justify\">La entrada <a rel=\"nofollow\" href=\"http:\/\/www.noticiacristiana.com\/sociedad\/iglesiaestado\/2017\/03\/gobernador-puerto-rico-ayuno-oracion.html\">Gobernador de Puerto Rico complacido por 40 d\u00edas de Ayuno y Oraci\u00f3n<\/a> aparece primero en <a rel=\"nofollow\" href=\"http:\/\/www.noticiacristiana.com\">NoticiaCristiana.com<\/a>.<\/p>\n","protected":false},"excerpt":{"rendered":"<p>PUERTO RICO.- Seg\u00fan el ejecutivo de la Oficina del Gobernador para las Ideas Comunitarias y Base de Fe, H\u00e9ctor Albertorio, el primer gobernante de Puerto Rico, Ricardo Rossell\u00f3, \u201cest\u00e1 muy complacido de c\u00f3mo se estuvieron creado este Decreto de 40 d\u00edas de Ayuno y Oraci\u00f3n. Hoy nos encontramos aqu\u00ed, en Naranjito, donde tenemos la posibilidad &hellip; <a href=\"https:\/\/www.biblia.work\/noticias\/gobernador-de-puerto-rico-complacido-por-40-dias-de-ayuno-y-oracion\/\" class=\"more-link\">Continuar leyendo<span class=\"screen-reader-text\"> \u00abGobernador de Puerto Rico complacido por 40 d\u00edas de Ayuno y Oraci\u00f3n\u00bb<\/span><\/a><\/p>\n","protected":false},"author":1,"featured_media":0,"comment_status":"open","ping_status":"closed","sticky":false,"template":"","format":"standard","meta":{"footnotes":""},"categories":[1],"tags":[],"class_list":["post-13177","post","type-post","status-publish","format-standard","hentry","category-general"],"_links":{"self":[{"href":"https:\/\/www.biblia.work\/noticias\/wp-json\/wp\/v2\/posts\/13177","targetHints":{"allow":["GET"]}}],"collection":[{"href":"https:\/\/www.biblia.work\/noticias\/wp-json\/wp\/v2\/posts"}],"about":[{"href":"https:\/\/www.biblia.work\/noticias\/wp-json\/wp\/v2\/types\/post"}],"author":[{"embeddable":true,"href":"https:\/\/www.biblia.work\/noticias\/wp-json\/wp\/v2\/users\/1"}],"replies":[{"embeddable":true,"href":"https:\/\/www.biblia.work\/noticias\/wp-json\/wp\/v2\/comments?post=13177"}],"version-history":[{"count":0,"href":"https:\/\/www.biblia.work\/noticias\/wp-json\/wp\/v2\/posts\/13177\/revisions"}],"wp:attachment":[{"href":"https:\/\/www.biblia.work\/noticias\/wp-json\/wp\/v2\/media?parent=13177"}],"wp:term":[{"taxonomy":"category","embeddable":true,"href":"https:\/\/www.biblia.work\/noticias\/wp-json\/wp\/v2\/categories?post=13177"},{"taxonomy":"post_tag","embeddable":true,"href":"https:\/\/www.biblia.work\/noticias\/wp-json\/wp\/v2\/tags?post=13177"}],"curies":[{"name":"wp","href":"https:\/\/api.w.org\/{rel}","templated":true}]}}