{"id":13181,"date":"2017-03-28T11:15:02","date_gmt":"2017-03-28T16:15:02","guid":{"rendered":"http:\/\/www.biblia.work\/noticias\/el-papa-a-la-onu-el-desarme-nuclear-es-un-imperativo-moral-y-humanitario\/"},"modified":"2017-03-28T11:15:02","modified_gmt":"2017-03-28T16:15:02","slug":"el-papa-a-la-onu-el-desarme-nuclear-es-un-imperativo-moral-y-humanitario","status":"publish","type":"post","link":"https:\/\/www.biblia.work\/noticias\/el-papa-a-la-onu-el-desarme-nuclear-es-un-imperativo-moral-y-humanitario\/","title":{"rendered":"El Papa a la ONU: el desarme nuclear es un imperativo moral y humanitario"},"content":{"rendered":"<p style=\"text-align: justify\">(ZENIT \u2013 Roma \u2013 28 Mar. 2017).- Un tratado internacional para prohibir las armas nucleares comenz\u00f3 a ser negociado este lunes por unos 120 pa\u00edses, aunque sin la participaci\u00f3n de las potencias at\u00f3micas, que consideraron la iniciativa poco realista.<\/p>\n<p style=\"text-align: justify\">Se trata de crear un \u201cinstrumento jur\u00eddicamente vinculante para prohibir las armas nucleares, llevando hacia su total eliminaci\u00f3n\u201d, inspir\u00e1ndose en los recientes acuerdos internacionales sobre armas qu\u00edmicas, bombas de racimo o minas antipersonal.<\/p>\n<p style=\"text-align: justify\">El papa Franciscoenvi\u00f3 un mensaje a la Cumbre internacional que inici\u00f3 este lunes y proseguir\u00e1 hasta el viernes, en la sede de las Naciones Unidas en Nueva York.<\/p>\n<p style=\"text-align: justify\">El Mensaje pontificio fue le\u00eddo por el &#8216;ministro de exteriores&#8217; del Vaticano, el subsecretario para las Relaciones con los Estados y jefe de la delegaci\u00f3n de la Santa Sede, Mons. Antoine Camilleri.<\/p>\n<p style=\"text-align: justify\">El santo Padre recuerda subray\u00f3 que \u00abel Pre\u00e1mbulo y el primer art\u00edculo de la Carta de las Naciones Unidas indican los cimientos de la construcci\u00f3n jur\u00eddica internacional: la paz, la soluci\u00f3n pac\u00edfica de las controversias y el desarrollo de relaciones de amistad entre las naciones\u00bb.<\/p>\n<p style=\"text-align: justify\">Y que \u00abuna \u00e9tica y un derecho basados sobre la amenaza de la destrucci\u00f3n rec\u00edproca -y potencialmente de toda la humanidad- contradicen el esp\u00edritu mismo de las Naciones Unidas\u00bb.<\/p>\n<p style=\"text-align: justify\">As\u00ed el Pont\u00edfice se\u00f1ala que \u00abdebemos comprometernos por un mundo sin armas nucleares, aplicando plenamente el Tratado de no proliferaci\u00f3n, en la letra y en el esp\u00edritu\u00bb.<\/p>\n<p style=\"text-align: justify\">Tomando en consideraci\u00f3n las principales amenazas contra la paz y la seguridad con sus m\u00faltiples dimensiones, como por ejemplo el terrorismo, los conflictos asim\u00e9tricos, la seguridad inform\u00e1tica, los problemas ambientales, la pobreza, el Papa se\u00f1ala que \u00abemergen no pocas dudas sobre la insuficiencia de la disuasi\u00f3n nuclear para responder eficazmente a dichos desaf\u00edos\u00bb.<\/p>\n<p style=\"text-align: justify\">El Santo Padre destaca su preocupaci\u00f3n de \u00ablas catastr\u00f3ficas consecuencias humanitarias y ambientales que se producen con el empleo de cualquier tipo de arma nuclear, con devastadores efectos indiscriminados e incontrolables en el tiempo y en el espacio\u00bb.<\/p>\n<p style=\"text-align: justify\">Adem\u00e1s del \u00abdespilfarro de recursos\u00bb recursos \u00abque, sin embargo, se podr\u00edan utilizar para prioridades m\u00e1s significativas, como la promoci\u00f3n de la paz y del desarrollo humano integral, as\u00ed como la lucha contra la pobreza y la actuaci\u00f3n de la Agenda 2030 para el desarrollo sostenible\u00bb.<\/p>\n<p style=\"text-align: justify\">La comunidad internacional est\u00e1 llamada a adoptar estrategias de largo alcance para promover la paz para toda la humanidad, indica ya que la paz y la estabilidad internacional no se pueden fundar sobre un \u00abfalso sentido de seguridad, sobre la amenaza de un destrucci\u00f3n rec\u00edproca\u00bb. Sino \u00absobre la justicia, el desarrollo humano integral, el respeto de los derechos humanos fundamentales, la custodia de la creaci\u00f3n, la participaci\u00f3n de todos en la vida p\u00fablica, la confianza entre los pueblos, la promoci\u00f3n de instituciones pac\u00edficas, el acceso a la educaci\u00f3n y a la salud, el di\u00e1logo y la solidaridad\u00bb.<\/p>\n<p style=\"text-align: justify\">\u00abEl objetivo final de la eliminaci\u00f3n total de las armas nucleares &#8211;escribe el Papa&#8211; se vuelve un desaf\u00edo y tambi\u00e9n un imperativo moral y humanitario\u00bb.<\/p>\n<p style=\"text-align: justify\">\u00abLos estados que poseen armas, los pa\u00edses que no las poseen, los sectores militares y privados, comunidades religiosas, sociedad civil, Organizaciones internacionales. En este esfuerzo debemos evitar aquellas formas de recriminaci\u00f3n rec\u00edproca y de polarizaci\u00f3n que impiden el di\u00e1logo, en lugar de alentarlo\u00bb.<\/p>\n<p style=\"text-align: justify\">El Mensaje concluye deseando que los trabajos de la Conferencia de la ONU, \u00abpuedan ser proficuos y puedan dar una contribuci\u00f3n eficaz para\u00a0avanzar en aquella \u00e9tica de la paz y de la seguridad cooperativa multilateral, que tanto necesita hoy la humanidad\u00bb.<\/p>\n<p style=\"text-align: justify\"><span style=\"color: #0000ff\"><a style=\"color: #0000ff\" href=\"https:\/\/es.zenit.org\/articles\/texto-completo-del-mensaje-del-papa-a-la-onu-sobre-el-desarme-nuclear\/\">(Leer el texto completo del mensaje)<\/a><\/span><\/p>\n<p><span class=\"et_bloom_bottom_trigger\"><\/span><\/p>\n<p><a href=\"https:\/\/es.zenit.org\/\" target=\"_blank\" rel=\"nofollow\">Fuente: es.zenit.org<\/a><\/p>\n","protected":false},"excerpt":{"rendered":"<p>(ZENIT \u2013 Roma \u2013 28 Mar. 2017).- Un tratado internacional para prohibir las armas nucleares comenz\u00f3 a ser negociado este lunes por unos 120 pa\u00edses, aunque sin la participaci\u00f3n de las potencias at\u00f3micas, que consideraron la iniciativa poco realista. Se trata de crear un \u201cinstrumento jur\u00eddicamente vinculante para prohibir las armas nucleares, llevando hacia su &hellip; <a href=\"https:\/\/www.biblia.work\/noticias\/el-papa-a-la-onu-el-desarme-nuclear-es-un-imperativo-moral-y-humanitario\/\" class=\"more-link\">Continuar leyendo<span class=\"screen-reader-text\"> \u00abEl Papa a la ONU: el desarme nuclear es un imperativo moral y humanitario\u00bb<\/span><\/a><\/p>\n","protected":false},"author":1,"featured_media":0,"comment_status":"open","ping_status":"closed","sticky":false,"template":"","format":"standard","meta":{"footnotes":""},"categories":[1],"tags":[],"class_list":["post-13181","post","type-post","status-publish","format-standard","hentry","category-general"],"_links":{"self":[{"href":"https:\/\/www.biblia.work\/noticias\/wp-json\/wp\/v2\/posts\/13181","targetHints":{"allow":["GET"]}}],"collection":[{"href":"https:\/\/www.biblia.work\/noticias\/wp-json\/wp\/v2\/posts"}],"about":[{"href":"https:\/\/www.biblia.work\/noticias\/wp-json\/wp\/v2\/types\/post"}],"author":[{"embeddable":true,"href":"https:\/\/www.biblia.work\/noticias\/wp-json\/wp\/v2\/users\/1"}],"replies":[{"embeddable":true,"href":"https:\/\/www.biblia.work\/noticias\/wp-json\/wp\/v2\/comments?post=13181"}],"version-history":[{"count":0,"href":"https:\/\/www.biblia.work\/noticias\/wp-json\/wp\/v2\/posts\/13181\/revisions"}],"wp:attachment":[{"href":"https:\/\/www.biblia.work\/noticias\/wp-json\/wp\/v2\/media?parent=13181"}],"wp:term":[{"taxonomy":"category","embeddable":true,"href":"https:\/\/www.biblia.work\/noticias\/wp-json\/wp\/v2\/categories?post=13181"},{"taxonomy":"post_tag","embeddable":true,"href":"https:\/\/www.biblia.work\/noticias\/wp-json\/wp\/v2\/tags?post=13181"}],"curies":[{"name":"wp","href":"https:\/\/api.w.org\/{rel}","templated":true}]}}