{"id":13185,"date":"2017-03-28T12:10:01","date_gmt":"2017-03-28T17:10:01","guid":{"rendered":"http:\/\/www.biblia.work\/noticias\/carnaval-amenazado-por-el-auge-de-las-iglesias-evangelicas\/"},"modified":"2017-03-28T12:10:01","modified_gmt":"2017-03-28T17:10:01","slug":"carnaval-amenazado-por-el-auge-de-las-iglesias-evangelicas","status":"publish","type":"post","link":"https:\/\/www.biblia.work\/noticias\/carnaval-amenazado-por-el-auge-de-las-iglesias-evangelicas\/","title":{"rendered":"Carnaval amenazado por el auge de las iglesias evang\u00e9licas"},"content":{"rendered":"<p style=\"text-align: justify\">R\u00cdO DE JANEIRO. \u2014 Brasil ya est\u00e1 de lleno viviendo la mayor fiesta del planeta, pero una porci\u00f3n cada vez mayor de brasile\u00f1os est\u00e1n dejando de lado el Carnaval del que hist\u00f3ricamente formaron parte: la comunidad evang\u00e9lica, que ha crecido de forma exponencial en los \u00faltimos a\u00f1os.<\/p>\n<p style=\"text-align: justify\">Sin embargo, las alusiones a las religiones de matriz africana son un cl\u00e1sico en los desfiles del Samb\u00f3dromo, y no es raro ver carrozas con gigantescas estatuas de orix\u00e1s, santos cat\u00f3licos o el propio Cristo Redentor rodeadas de bailarinas semidesnudas, sin que esto ofenda a cat\u00f3licos o practicantes de la umbanda y el candombl\u00e9.<\/p>\n<p style=\"text-align: justify\">El a\u00f1o pasado el arzobispo de R\u00edo de Janeiro, Orani Tempesta, incluso dio la bendici\u00f3n &#8220;con votos de entusiasmo&#8221; a la escuela de samba Est\u00e1cio de S\u00e1, que hizo un desfile en homenaje a San Jorge \u2014el patr\u00f3n de Brasil\u2014 lleno de alusiones al sincretismo religioso.<\/p>\n<p style=\"text-align: justify\">No ocurre lo mismo con los evang\u00e9licos, que en general son bastante m\u00e1s conservadores: algunos optan por salir de la ciudad en los d\u00edas de Carnaval y refugiarse en retiros espirituales; la mayor\u00eda esperan en casa a que pase el desenfreno y &#8220;libertinaje&#8221; que toma las calles.<\/p>\n<p style=\"text-align: justify\">El caso m\u00e1s paradigm\u00e1tico es el del nuevo alcalde de R\u00edo de Janeiro, Marcelo Crivella \u2014exobispo evang\u00e9lico de la Iglesia Universal del Reino de Dios\u2014 que no estar\u00e1 en la ciudad durante la semana m\u00e1s destacada del calendario y pasar\u00e1 unos d\u00edas de vacaciones fuera.<\/p>\n<p style=\"text-align: justify\">Esta decisi\u00f3n, dej\u00f3 at\u00f3nitos a muchos cariocas; para unos el alcalde es coherente con sus convicciones, para otros deber\u00eda separar sus creencias del cargo que ostenta para ejercer de anfitri\u00f3n de la fiesta.<\/p>\n<p style=\"text-align: justify\">La cantante Beth Carvalho, con 52 a\u00f1os de carrera y conocida como la &#8220;madrina de la samba&#8221; por haber dado a conocer a multitud de talentos, explicaba recientemente a Sputnik c\u00f3mo el auge de estas iglesias est\u00e1 empezando a afectar al carnaval.<\/p>\n<p style=\"text-align: justify\">&#8220;Para ellos la samba es pecado, eso es tr\u00e1gico, no deber\u00edan mezclar m\u00fasica y religi\u00f3n&#8221;, lamentaba, en referencia a la identificaci\u00f3n de este g\u00e9nero con el candombl\u00e9 o simplemente con la &#8216;macumba&#8217;, que no tienen que ver nada con el cristianismo.<\/p>\n<p style=\"text-align: justify\">&#8220;El presidente de Rocinha (una escuela de samba de una de las mayores favelas de R\u00edo) me dec\u00eda que est\u00e1 desesperado porque no tiene m\u00e1s &#8216;baianas&#8217;, cuando son la figura m\u00e1s vieja y de las m\u00e1s importantes&#8221;, apuntaba Carvalho.<\/p>\n<p style=\"text-align: justify\">Muchas de ellas, como relata Carvalho, est\u00e1n abandonando las escuelas de samba en las que se criaron por indicaci\u00f3n de los pastores de las iglesias que empezaron a frecuentar, y est\u00e1n poco a poco siendo sustituidas por j\u00f3venes.<\/p>\n<p style=\"text-align: justify\">La biznieta de Tia Ciata, Gracy Moreira, lleva ahora a cabo un cuidadoso trabajo para recuperar su legado, organizando charlas, conciertos y exposiciones sobre el papel de Ciata y de las otras mujeres negras que participaron en el alumbramiento de un g\u00e9nero que el a\u00f1o pasado celebr\u00f3 su centenario.<\/p>\n<p style=\"text-align: justify\">&#8220;Con el legado de la samba vemos la continuaci\u00f3n de un trabajo que se hizo en la ra\u00edz, con los compositores; la samba era marginal, hubo mucha resistencia&#8221;, recuerda Moreira, que aunque es optimista sobre la salud del g\u00e9nero asume que el riesgo ahora est\u00e1 en el pensamiento de algunos &#8216;fan\u00e1ticos&#8217;.<\/p>\n<p style=\"text-align: justify\">Aunque en las favelas donde naci\u00f3 la samba se oyen m\u00e1s los altavoces de los pastores que el repique de los &#8216;tamborins&#8217;, los millones de personas que colapsan Brasil cada a\u00f1o y el renacimiento del carnaval de calle en ciudades como R\u00edo de Janeiro y S\u00e3o Paulo no invita a pensar que el Carnaval est\u00e9 amenazado.<\/p>\n<p style=\"text-align: justify\">Quiz\u00e1 est\u00e9 en transformaci\u00f3n: en algunas ciudades diversas iglesias evang\u00e9licas organizan sus propios eventos: m\u00e1s recatados, sin disfraces y sin alcohol, dedicados a exaltar la fe en Jesucristo.<\/p>\n<p style=\"text-align: justify\">El a\u00f1o pasado, en Santos (estado de S\u00e3o Paulo) el Carnaval de la &#8216;Batucada Bendecida&#8217; reuni\u00f3 a m\u00e1s de 16.000 personas en un desfile por la playa.<\/p>\n<p style=\"text-align: justify\">Fuente: Sputnik News<\/p>\n<p style=\"text-align: justify\">La entrada <a rel=\"nofollow\" href=\"http:\/\/www.noticiacristiana.com\/sociedad\/cultura\/2017\/03\/carnaval-amenazado-iglesias-evangelicas.html\">Carnaval amenazado por el auge de las iglesias evang\u00e9licas<\/a> aparece primero en <a rel=\"nofollow\" href=\"http:\/\/www.noticiacristiana.com\">NoticiaCristiana.com<\/a>.<\/p>\n","protected":false},"excerpt":{"rendered":"<p>R\u00cdO DE JANEIRO. \u2014 Brasil ya est\u00e1 de lleno viviendo la mayor fiesta del planeta, pero una porci\u00f3n cada vez mayor de brasile\u00f1os est\u00e1n dejando de lado el Carnaval del que hist\u00f3ricamente formaron parte: la comunidad evang\u00e9lica, que ha crecido de forma exponencial en los \u00faltimos a\u00f1os. Sin embargo, las alusiones a las religiones de &hellip; <a href=\"https:\/\/www.biblia.work\/noticias\/carnaval-amenazado-por-el-auge-de-las-iglesias-evangelicas\/\" class=\"more-link\">Continuar leyendo<span class=\"screen-reader-text\"> \u00abCarnaval amenazado por el auge de las iglesias evang\u00e9licas\u00bb<\/span><\/a><\/p>\n","protected":false},"author":1,"featured_media":0,"comment_status":"open","ping_status":"closed","sticky":false,"template":"","format":"standard","meta":{"footnotes":""},"categories":[1],"tags":[],"class_list":["post-13185","post","type-post","status-publish","format-standard","hentry","category-general"],"_links":{"self":[{"href":"https:\/\/www.biblia.work\/noticias\/wp-json\/wp\/v2\/posts\/13185","targetHints":{"allow":["GET"]}}],"collection":[{"href":"https:\/\/www.biblia.work\/noticias\/wp-json\/wp\/v2\/posts"}],"about":[{"href":"https:\/\/www.biblia.work\/noticias\/wp-json\/wp\/v2\/types\/post"}],"author":[{"embeddable":true,"href":"https:\/\/www.biblia.work\/noticias\/wp-json\/wp\/v2\/users\/1"}],"replies":[{"embeddable":true,"href":"https:\/\/www.biblia.work\/noticias\/wp-json\/wp\/v2\/comments?post=13185"}],"version-history":[{"count":0,"href":"https:\/\/www.biblia.work\/noticias\/wp-json\/wp\/v2\/posts\/13185\/revisions"}],"wp:attachment":[{"href":"https:\/\/www.biblia.work\/noticias\/wp-json\/wp\/v2\/media?parent=13185"}],"wp:term":[{"taxonomy":"category","embeddable":true,"href":"https:\/\/www.biblia.work\/noticias\/wp-json\/wp\/v2\/categories?post=13185"},{"taxonomy":"post_tag","embeddable":true,"href":"https:\/\/www.biblia.work\/noticias\/wp-json\/wp\/v2\/tags?post=13185"}],"curies":[{"name":"wp","href":"https:\/\/api.w.org\/{rel}","templated":true}]}}