{"id":13190,"date":"2017-03-28T13:15:02","date_gmt":"2017-03-28T18:15:02","guid":{"rendered":"http:\/\/www.biblia.work\/noticias\/el-santo-padre-alienta-una-produccion-agricola-que-llegue-a-todos\/"},"modified":"2017-03-28T13:15:02","modified_gmt":"2017-03-28T18:15:02","slug":"el-santo-padre-alienta-una-produccion-agricola-que-llegue-a-todos","status":"publish","type":"post","link":"https:\/\/www.biblia.work\/noticias\/el-santo-padre-alienta-una-produccion-agricola-que-llegue-a-todos\/","title":{"rendered":"El Santo Padre alienta una producci\u00f3n agr\u00edcola que llegue a todos"},"content":{"rendered":"<p style=\"text-align: justify\">(ZENIT &#8211; Roma, 28 Mar. 2017).- El cardenal secretario de Estado, Pietro Parolin, ha enviado\u00a0una carta\u00a0en nombre del papa\u00a0Francisco, al X\u00a0Foro para el Futuro de la Agricultura, que se realiza hoy martes en Bruselas, indicando\u00a0que\u00a0\u201ces cada vez m\u00e1s evidente la necesidad de situar en el centro de cada acci\u00f3n a\u00a0la persona, sea \u00e9sta sujeto del trabajo agr\u00edcola que comerciante o consumidor\u201d.<\/p>\n<p style=\"text-align: justify\">El purpurado a\u00f1ade que no se puede pensar en el futuro de la agricultura \u201cimponiendo un modelo de producci\u00f3n del que se aventajen peque\u00f1os grupos o una exigua porci\u00f3n de la poblaci\u00f3n mundial\u201d, sino que por el contrario \u201ctodos los esfuerzos deben orientarse a que cada pa\u00eds aumente sus propios recursos para alcanzar la autosuficiencia alimentaria\u201d.<\/p>\n<p style=\"text-align: justify\">En la carta dirigida al presidente del evento,\u00a0Janez Potocnik, se\u00f1ala que &#8220;los trabajos del X Foro para el Futuro de la Agricultura brindan al Santo Padre la ocasi\u00f3n de animar con fuerza a todos aquellos que,\u00a0 con diferentes tareas y responsabilidades, est\u00e1n llamados a dar respuestas y soluciones a \u00a0las necesidades de la actividad agr\u00edcola en sus distintas fases&#8221;.<\/p>\n<p style=\"text-align: justify\">A\u00f1ade que es necesario &#8220;un mayor compromiso en favor del sector agr\u00edcola no s\u00f3lo para mejorar \u00a0los sistemas de producci\u00f3n y comercializaci\u00f3n, sino tambi\u00e9n y sobre todo, para acentuar \u00a0el derecho de todo ser humano a tener acceso a alimentos sanos y suficientes y a ser alimentado en la medida de sus necesidades, participando en las decisiones y estrategias que se act\u00faen&#8221;.<\/p>\n<p style=\"text-align: justify\">&#8220;Las expectativas relacionadas con los Objetivos de Desarrollo Sostenible, definidos \u00a0por toda la comunidad internacional, requieren, de hecho, hacer frente a la situaci\u00f3n de ciertos pa\u00edses y zonas donde la agricultura sigue siendo d\u00e9bil, porque no est\u00e1 lo suficientemente diversificada y, por lo tanto, \u00a0es inadecuada para responder al contexto ambiental o al cambio clim\u00e1tico&#8221;, se\u00f1ala.<\/p>\n<p style=\"text-align: justify\">Advierte entretanto que &#8220;no se trata de pensar en el futuro de la agricultura imponiendo\u00a0 un modelo de producci\u00f3n del que se aventajen \u00a0peque\u00f1os\u00a0 grupos \u00a0o una\u00a0 exigua porci\u00f3n de la poblaci\u00f3n mundial, ni de plantearse el trabajo agr\u00edcola partiendo de \u00a0los resultados obtenidos con la investigaci\u00f3n de laboratorio. Ese enfoque puede ser una fuente de beneficio inmediato para algunos, pero \u00bfhemos\u00a0 evaluado cu\u00e1nto perjudicar\u00e1 a los dem\u00e1s? Todos los esfuerzos deben orientarse, en primer lugar, \u00a0a que cada pa\u00eds aumente sus propios recursos para alcanzar la autosuficiencia alimentaria, pensando en nuevos modelos de desarrollo y de consumo, facilitando formas de organizaci\u00f3n comunitaria que valoricen a \u00a0los peque\u00f1os productores y preserven los ecosistemas locales y biodiversidad, as\u00ed como adoptando \u00a0pol\u00edticas de cooperaci\u00f3n que \u00a0no agraven la situaci\u00f3n de los pueblos menos avanzados, o su dependencia externa&#8221;.<\/p>\n<p><span class=\"et_bloom_bottom_trigger\"><\/span><\/p>\n<p><a href=\"https:\/\/es.zenit.org\/\" target=\"_blank\" rel=\"nofollow\">Fuente: es.zenit.org<\/a><\/p>\n","protected":false},"excerpt":{"rendered":"<p>(ZENIT &#8211; Roma, 28 Mar. 2017).- El cardenal secretario de Estado, Pietro Parolin, ha enviado\u00a0una carta\u00a0en nombre del papa\u00a0Francisco, al X\u00a0Foro para el Futuro de la Agricultura, que se realiza hoy martes en Bruselas, indicando\u00a0que\u00a0\u201ces cada vez m\u00e1s evidente la necesidad de situar en el centro de cada acci\u00f3n a\u00a0la persona, sea \u00e9sta sujeto del &hellip; <a href=\"https:\/\/www.biblia.work\/noticias\/el-santo-padre-alienta-una-produccion-agricola-que-llegue-a-todos\/\" class=\"more-link\">Continuar leyendo<span class=\"screen-reader-text\"> \u00abEl Santo Padre alienta una producci\u00f3n agr\u00edcola que llegue a todos\u00bb<\/span><\/a><\/p>\n","protected":false},"author":1,"featured_media":0,"comment_status":"open","ping_status":"closed","sticky":false,"template":"","format":"standard","meta":{"footnotes":""},"categories":[1],"tags":[],"class_list":["post-13190","post","type-post","status-publish","format-standard","hentry","category-general"],"_links":{"self":[{"href":"https:\/\/www.biblia.work\/noticias\/wp-json\/wp\/v2\/posts\/13190","targetHints":{"allow":["GET"]}}],"collection":[{"href":"https:\/\/www.biblia.work\/noticias\/wp-json\/wp\/v2\/posts"}],"about":[{"href":"https:\/\/www.biblia.work\/noticias\/wp-json\/wp\/v2\/types\/post"}],"author":[{"embeddable":true,"href":"https:\/\/www.biblia.work\/noticias\/wp-json\/wp\/v2\/users\/1"}],"replies":[{"embeddable":true,"href":"https:\/\/www.biblia.work\/noticias\/wp-json\/wp\/v2\/comments?post=13190"}],"version-history":[{"count":0,"href":"https:\/\/www.biblia.work\/noticias\/wp-json\/wp\/v2\/posts\/13190\/revisions"}],"wp:attachment":[{"href":"https:\/\/www.biblia.work\/noticias\/wp-json\/wp\/v2\/media?parent=13190"}],"wp:term":[{"taxonomy":"category","embeddable":true,"href":"https:\/\/www.biblia.work\/noticias\/wp-json\/wp\/v2\/categories?post=13190"},{"taxonomy":"post_tag","embeddable":true,"href":"https:\/\/www.biblia.work\/noticias\/wp-json\/wp\/v2\/tags?post=13190"}],"curies":[{"name":"wp","href":"https:\/\/api.w.org\/{rel}","templated":true}]}}