{"id":13191,"date":"2017-03-28T13:15:03","date_gmt":"2017-03-28T18:15:03","guid":{"rendered":"http:\/\/www.biblia.work\/noticias\/presentan-este-jueves-la-carta-del-papa-para-la-jornada-mundial-de-las-familias-2018\/"},"modified":"2017-03-28T13:15:03","modified_gmt":"2017-03-28T18:15:03","slug":"presentan-este-jueves-la-carta-del-papa-para-la-jornada-mundial-de-las-familias-2018","status":"publish","type":"post","link":"https:\/\/www.biblia.work\/noticias\/presentan-este-jueves-la-carta-del-papa-para-la-jornada-mundial-de-las-familias-2018\/","title":{"rendered":"Presentan este jueves la carta del Papa para la Jornada Mundial de las Familias 2018"},"content":{"rendered":"<p style=\"text-align: justify\">(ZENIT &#8211; Roma).-\u00a0La Carta que el\u00a0Santo Padre Francisco env\u00eda para el IX Encuentro Mundial de las Familias, que\u00a0tendr\u00e1 lugar del 21 al 26 \u00a0de agosto de 2018 en Dubl\u00edn, Irlanda, dedicado al \u00a0tema: El Evangelio de la Familia: alegr\u00eda para el mundo,\u00a0ser\u00e1 presentada este jueves 30 de marzo en la Sala de prensa de la Santa Sede.<\/p>\n<p style=\"text-align: justify\">Intervendr\u00e1n el cardenal Kevin Joseph Farrell, prefecto del Dicastero para los Laicos, la Familia<br \/>\ny\u00a0 la Vida; y\u00a0Mons. Diarmuid Martin, arzobispo de \u00a0Dubl\u00edn (Irlanda).<\/p>\n<p style=\"text-align: justify\">El encuentro mundial <a target=\"_blank\" rel=\"nofollow\" href=\"https:\/\/es.zenit.org\/articles\/dublin-sera-la-capital-de-las-familias-del-mundo\/\">f<span style=\"color: #3366ff\">ue anunciado el 24 de mayo de 2016<\/span><\/a>\u00a0en la Sala de Prensa del Vaticano. Entonces Mons. Vincenzo Paglia se\u00f1al\u00f3 que\u00a0\u201cEl evangelio de la Familia, alegr\u00eda para el mundo\u201d ser\u00e1 una invitaci\u00f3n a Europa y al mundo para que encuentre la fuerza y la energ\u00eda misionera \u201cal descubrir la vocaci\u00f3n y la misi\u00f3n de la familia\u201d.<\/p>\n<p style=\"text-align: justify\">Y que ser\u00e1 tambi\u00e9n \u201cuna invitaci\u00f3n a elegir el \u2018nosotros\u2019 de la familia, como respuesta\u00a0a la necesidad de amor que necesita cada hombre y mujer\u201d. Asimismo,\u00a0para que \u201clas Iglesias cristianas, las grandes religiones mundiales, la sociedad pol\u00edtica y civil, puedan encontrar ese \u2018esp\u00edritu familiar\u2019\u201d que permite enfrentar \u201cla dimensi\u00f3n individualista que lamentablemente est\u00e1 afectando cada vez m\u00e1s las realidades religiosas y civiles en todo el mundo\u201d.<\/p>\n<p><span class=\"et_bloom_bottom_trigger\"><\/span><\/p>\n<p><a href=\"https:\/\/es.zenit.org\/\" target=\"_blank\" rel=\"nofollow\">Fuente: es.zenit.org<\/a><\/p>\n","protected":false},"excerpt":{"rendered":"<p>(ZENIT &#8211; Roma).-\u00a0La Carta que el\u00a0Santo Padre Francisco env\u00eda para el IX Encuentro Mundial de las Familias, que\u00a0tendr\u00e1 lugar del 21 al 26 \u00a0de agosto de 2018 en Dubl\u00edn, Irlanda, dedicado al \u00a0tema: El Evangelio de la Familia: alegr\u00eda para el mundo,\u00a0ser\u00e1 presentada este jueves 30 de marzo en la Sala de prensa de la &hellip; <a href=\"https:\/\/www.biblia.work\/noticias\/presentan-este-jueves-la-carta-del-papa-para-la-jornada-mundial-de-las-familias-2018\/\" class=\"more-link\">Continuar leyendo<span class=\"screen-reader-text\"> \u00abPresentan este jueves la carta del Papa para la Jornada Mundial de las Familias 2018\u00bb<\/span><\/a><\/p>\n","protected":false},"author":1,"featured_media":0,"comment_status":"open","ping_status":"closed","sticky":false,"template":"","format":"standard","meta":{"footnotes":""},"categories":[1],"tags":[],"class_list":["post-13191","post","type-post","status-publish","format-standard","hentry","category-general"],"_links":{"self":[{"href":"https:\/\/www.biblia.work\/noticias\/wp-json\/wp\/v2\/posts\/13191","targetHints":{"allow":["GET"]}}],"collection":[{"href":"https:\/\/www.biblia.work\/noticias\/wp-json\/wp\/v2\/posts"}],"about":[{"href":"https:\/\/www.biblia.work\/noticias\/wp-json\/wp\/v2\/types\/post"}],"author":[{"embeddable":true,"href":"https:\/\/www.biblia.work\/noticias\/wp-json\/wp\/v2\/users\/1"}],"replies":[{"embeddable":true,"href":"https:\/\/www.biblia.work\/noticias\/wp-json\/wp\/v2\/comments?post=13191"}],"version-history":[{"count":0,"href":"https:\/\/www.biblia.work\/noticias\/wp-json\/wp\/v2\/posts\/13191\/revisions"}],"wp:attachment":[{"href":"https:\/\/www.biblia.work\/noticias\/wp-json\/wp\/v2\/media?parent=13191"}],"wp:term":[{"taxonomy":"category","embeddable":true,"href":"https:\/\/www.biblia.work\/noticias\/wp-json\/wp\/v2\/categories?post=13191"},{"taxonomy":"post_tag","embeddable":true,"href":"https:\/\/www.biblia.work\/noticias\/wp-json\/wp\/v2\/tags?post=13191"}],"curies":[{"name":"wp","href":"https:\/\/api.w.org\/{rel}","templated":true}]}}