{"id":13192,"date":"2017-03-28T13:15:03","date_gmt":"2017-03-28T18:15:03","guid":{"rendered":"http:\/\/www.biblia.work\/noticias\/beato-bertoldo-del-monte-carmelo-bartolome-avogadro-29-de-marzo-2\/"},"modified":"2017-03-28T13:15:03","modified_gmt":"2017-03-28T18:15:03","slug":"beato-bertoldo-del-monte-carmelo-bartolome-avogadro-29-de-marzo-2","status":"publish","type":"post","link":"https:\/\/www.biblia.work\/noticias\/beato-bertoldo-del-monte-carmelo-bartolome-avogadro-29-de-marzo-2\/","title":{"rendered":"Beato Bertoldo del Monte Carmelo (Bartolom\u00e9 Avogadro) \u2013  29 de marzo"},"content":{"rendered":"<p style=\"text-align: justify\">&nbsp;<\/p>\n<p style=\"text-align: justify\">&nbsp;<\/p>\n<p style=\"text-align: justify\">(ZENIT &#8211; Madrid).- No es f\u00e1cil reconstruir los hechos de instituciones religiosas tan vetustas como la del Carmelo, identificando los pilares que sostuvieron su primera andadura. Sin embargo, siempre hay alguna pista que merece la pena rastrear, indicios que esta insigne orden primitiva, que tanta gloria viene dando a la Iglesia, consigna en sus anales puntualizando aspectos que han de tenerse en cuenta. El beato Bertoldo, cuya su vida aparece envuelta en cierta neblina, fue uno de los art\u00edfices de la misma.<\/p>\n<p style=\"text-align: justify\">Se sabe que era franc\u00e9s, que pudo venir al mundo en el seno de una noble familia, y que su existencia discurri\u00f3 a lo largo del siglo XII, ya que habr\u00eda nacido a finales del siglo XI. Mientras que algunos le han atribuido la fundaci\u00f3n de la orden carmelita, la voz autorizada de estos religiosos solo reconocen en \u00e9l a su primer maestro general. Cuando Bertoldo \u2013de nombre de pila Bartolom\u00e9\u2013 lleg\u00f3 a Monte Carmelo, los primeros integrantes hac\u00eda un tiempo que gozaban de la vida erem\u00edtica. Un flujo incesante de cruzados dispuestos a dar su vida para defender la fe fue una de las caracter\u00edsticas de la \u00e9poca. Muchos j\u00f3venes aguerridos se sumaban a la contienda con este \u00fanico fin. Era un alto honor que no quisieron eludir. Bertoldo, que se hab\u00eda formado teol\u00f3gicamente en la universidad de Par\u00eds y hab\u00eda sido ordenado sacerdote, se sinti\u00f3 llamado a empu\u00f1ar las armas contra los infieles. Jerusal\u00e9n era el objetivo. All\u00ed se dirig\u00eda junto a su t\u00edo Aimerico, luego primer patriarca de Antioquia, cuando esta ciudad fue tomada por aqu\u00e9llos. Posiblemente en el fragor de la batalla, es un hecho que no est\u00e1 comprobado, se le pudo dar a entender por revelaci\u00f3n que la enconada lucha que se libraba hab\u00eda sido desencadenada por la impenitencia de los soldados cristianos. Bertoldo hizo entonces solemne promesa de consagrarse a la vida religiosa, dedic\u00e1ndola a la Virgen Mar\u00eda, si sal\u00edan sanos y salvos. Obtuvieron el triunfo y emiti\u00f3 los votos.<\/p>\n<p style=\"text-align: justify\">La cuesti\u00f3n es que pudo llegar a Monte Carmelo, y seducido por la vida erem\u00edtica se estableci\u00f3 all\u00ed junto a un nutrido grupo de compa\u00f1eros configurando en 1154 una comunidad cenob\u00edtica. Gozaban del favor eclesi\u00e1stico ya que en 1141 el patriarca de Jerusal\u00e9n hab\u00eda reformado las \u00f3rdenes mon\u00e1sticas. Era un momento propicio para ellas. Abri\u00f3 una veda f\u00e9rtil que dio incontables vocaciones. La capilla que erigieron en las proximidades de la \u00abfuente de El\u00edas\u00bb, poblada por anacoretas, fue dedicada inicialmente a Nuestra Se\u00f1ora del Monte Carmelo. Su presencia revitaliz\u00f3 el esp\u00edritu de oraci\u00f3n, meditaci\u00f3n y ayuno caracter\u00edstico de los primeros integrantes de la orden carmelita que ten\u00edan su origen en el profeta El\u00edas. Por esa raz\u00f3n, tambi\u00e9n se le ha considerado \u00abrestaurador\u00bb de la misma. El grupo tom\u00f3 el nombre de Hermanos de Santa Mar\u00eda del Monte Carmelo. Siendo Aimerico patriarca de Antioquia visit\u00f3 el lugar. Iba como legado ad latere de la Santa Sede para Tierra Santa, y design\u00f3 a Bertoldo de Malefaida primer prior general de los carmelitas. \u00c9ste impuls\u00f3 la creaci\u00f3n y reconstrucci\u00f3n de monasterios. De hecho, se le atribuye la expansi\u00f3n de la Orden por otros rincones de Palestina, que luego se extender\u00eda por Europa. Es lo que se desprende de la informaci\u00f3n que Pedro Emiliano proporcion\u00f3 al monarca Eduardo I de Inglaterra en una carta que le remiti\u00f3 en 1281.<\/p>\n<p style=\"text-align: justify\">Dios pudo querer consolar el afligido coraz\u00f3n de Bertoldo por las feroces luchas que no ten\u00edan tregua y que iban diezmando la comunidad. Le permiti\u00f3 ver c\u00f3mo entraban en la gloria escoltados por \u00e1ngeles un importante n\u00famero de hermanos que hab\u00edan derramado su sangre en defensa de la fe cristiana sucumbiendo a manos de los sarracenos. De este favor dio cuenta el historiador de la Orden, Paleonidoro. Bertoldo muri\u00f3 el 29 de marzo de 1195. Durante cuarenta y cinco a\u00f1os hab\u00eda dirigido sabiamente a las comunidades manteniendo vivo el amor a la Virgen. Y las huellas del carisma carmelitano se hallaban presentes en las obras que hab\u00edan emprendido: monasterios en Acre, Tiro y el de Beaulieu en L\u00edbano, una capilla en Sarepta, un hospicio en Jerusal\u00e9n, etc., adem\u00e1s de haber sembrado de comunidades el entorno del Jord\u00e1n. Tras el deceso de Bertoldo, Alberto, patriarca de Jerusal\u00e9n, entreg\u00f3 la regla a sus seguidores basada en la contemplaci\u00f3n, la meditaci\u00f3n sobre las Sagradas Escrituras y el trabajo. Tomando el testigo, Brocardo sustituy\u00f3 al beato como segundo prior general. Era uno de los carmelitas que hab\u00eda sido formado por aqu\u00e9l gozando de su confianza. El culto dedicado a Bertoldo se fij\u00f3 en 1564 por el cap\u00edtulo general de la Orden. Y tras el periodo comprendido entre 1585, fecha en la que su nombre se extrajo del breviario que hab\u00eda sido reformado, en 1609 volvi\u00f3 a consignarse en \u00e9l.<\/p>\n<p><span class=\"et_bloom_bottom_trigger\"><\/span><\/p>\n<p><a href=\"https:\/\/es.zenit.org\/\" target=\"_blank\" rel=\"nofollow\">Fuente: es.zenit.org<\/a><\/p>\n","protected":false},"excerpt":{"rendered":"<p>&nbsp; &nbsp; (ZENIT &#8211; Madrid).- No es f\u00e1cil reconstruir los hechos de instituciones religiosas tan vetustas como la del Carmelo, identificando los pilares que sostuvieron su primera andadura. Sin embargo, siempre hay alguna pista que merece la pena rastrear, indicios que esta insigne orden primitiva, que tanta gloria viene dando a la Iglesia, consigna en &hellip; <a href=\"https:\/\/www.biblia.work\/noticias\/beato-bertoldo-del-monte-carmelo-bartolome-avogadro-29-de-marzo-2\/\" class=\"more-link\">Continuar leyendo<span class=\"screen-reader-text\"> \u00abBeato Bertoldo del Monte Carmelo (Bartolom\u00e9 Avogadro) \u2013  29 de marzo\u00bb<\/span><\/a><\/p>\n","protected":false},"author":1,"featured_media":0,"comment_status":"open","ping_status":"closed","sticky":false,"template":"","format":"standard","meta":{"footnotes":""},"categories":[1],"tags":[],"class_list":["post-13192","post","type-post","status-publish","format-standard","hentry","category-general"],"_links":{"self":[{"href":"https:\/\/www.biblia.work\/noticias\/wp-json\/wp\/v2\/posts\/13192","targetHints":{"allow":["GET"]}}],"collection":[{"href":"https:\/\/www.biblia.work\/noticias\/wp-json\/wp\/v2\/posts"}],"about":[{"href":"https:\/\/www.biblia.work\/noticias\/wp-json\/wp\/v2\/types\/post"}],"author":[{"embeddable":true,"href":"https:\/\/www.biblia.work\/noticias\/wp-json\/wp\/v2\/users\/1"}],"replies":[{"embeddable":true,"href":"https:\/\/www.biblia.work\/noticias\/wp-json\/wp\/v2\/comments?post=13192"}],"version-history":[{"count":0,"href":"https:\/\/www.biblia.work\/noticias\/wp-json\/wp\/v2\/posts\/13192\/revisions"}],"wp:attachment":[{"href":"https:\/\/www.biblia.work\/noticias\/wp-json\/wp\/v2\/media?parent=13192"}],"wp:term":[{"taxonomy":"category","embeddable":true,"href":"https:\/\/www.biblia.work\/noticias\/wp-json\/wp\/v2\/categories?post=13192"},{"taxonomy":"post_tag","embeddable":true,"href":"https:\/\/www.biblia.work\/noticias\/wp-json\/wp\/v2\/tags?post=13192"}],"curies":[{"name":"wp","href":"https:\/\/api.w.org\/{rel}","templated":true}]}}