{"id":13193,"date":"2017-03-28T14:05:02","date_gmt":"2017-03-28T19:05:02","guid":{"rendered":"http:\/\/www.biblia.work\/noticias\/obispos-espanoles-lanzan-campana-para-promover-asignatura-de-religion\/"},"modified":"2017-03-28T14:05:02","modified_gmt":"2017-03-28T19:05:02","slug":"obispos-espanoles-lanzan-campana-para-promover-asignatura-de-religion","status":"publish","type":"post","link":"https:\/\/www.biblia.work\/noticias\/obispos-espanoles-lanzan-campana-para-promover-asignatura-de-religion\/","title":{"rendered":"Obispos espa\u00f1oles lanzan campa\u00f1a para promover asignatura de Religi\u00f3n"},"content":{"rendered":"<p> MADRID, 28 Mar. 17 (ACI).-<br \/>\n\tMons. C&eacute;sar Franco, Presidente de la Comisi&oacute;n de Ense&ntilde;anza y Catequesis de la Conferencia Episcopal Espa&ntilde;ola (CEE), present&oacute; la campa&ntilde;a &ldquo;Me apunto a Religi&oacute;n&rdquo; para animar a los padres a reclamar el derecho de que sus hijos sean educados seg&uacute;n sus convicciones de fe.<\/p>\n<p style=\"text-align: justify\">\n\tMons. Franco insisti&oacute; en que es a los padres a quienes corresponde la educaci&oacute;n de los hijos y no al Estado, y les pidi&oacute; no dejarse frenar por las dificultades que pueden encontrar en algunos centros educativos a la hora de apuntar a sus hijos a la asignatura de Religi&oacute;n cat&oacute;lica.<\/p>\n<p style=\"text-align: justify\">\n\tLa campa&ntilde;a &ldquo;Me apunto a Religi&oacute;n&rdquo; est&aacute; compuesta por anuncios en televisi&oacute;n y radio, adem&aacute;s del sitio web meapuntoareligion.com en el que alumnos y padres pueden encontrar informaci&oacute;n relacionada con esta materia.<\/p>\n<p style=\"text-align: justify\">\n\tEn la web pueden encontrar desde &ldquo;grandes razones para cursar una asignatura apasionante&rdquo;, &ldquo;c&oacute;mo apuntarse&rdquo; o &ldquo;qu&eacute; barreras puede encontrar y c&oacute;mo salvarlas&rdquo;. &nbsp;&nbsp;<\/p>\n<p style=\"text-align: justify\">\n\tEl Presidente de la Comisi&oacute;n de Ense&ntilde;anza asegur&oacute; que &ldquo;el hecho religioso es una parte fundamental de la humanidad&rdquo; sin la que es imposible entender la cultura. &ldquo;La Religi&oacute;n no es solo una realidad interior, es un elemento integrante del humano y del hecho cultural&rdquo;, apunt&oacute;.<\/p>\n<p style=\"text-align: justify\">\n\tPor su parte, Javier Segura, delegado de Ense&ntilde;anza de la Di&oacute;cesis de Getafe, Madrid (Espa&ntilde;a) declar&oacute; durante la presentaci&oacute;n que &ldquo;no hay otra clase donde se puedan tocar temas tan fundamentales como el sentido de la vida o en el que la persona sea el tema central. Este enfoque no lo ofrecen otras asignaturas&rdquo;.<\/p>\n<p style=\"text-align: justify\">\n\tCon esta campa&ntilde;a la CEE busca subrayar la importancia de la asignatura de Religi&oacute;n como elemento fundamental para tener un conocimiento m&aacute;s completo del mundo.<\/p>\n<p style=\"text-align: justify\">\n\t&ldquo;Cuando te apuntas a Religi&oacute;n te apuntas a entender las claves que han formado la historia, la pol&iacute;tica, el arte, las costumbres, la cultura, las leyes&hellip; y por qu&eacute; las religiones han movido el mundo&rdquo;, precisan en una nota de prensa.<\/p>\n<p style=\"text-align: justify\">\n\tTambi&eacute;n insistieron en que esta asignatura no es catequesis ya que no eval&uacute;a la fe, sino el conocimiento. &ldquo;Y el conocimiento es libertad. Libertad para pensar. Libertad para creer&rdquo;, indican.<\/p>\n<p style=\"text-align: justify\">\n\tActualmente en Espa&ntilde;a el colegio debe ofrecer de manera obligatoria la asignatura de Religi&oacute;n, para que los padres y los alumnos puedan elegir libremente si cursarla o no.<\/p>\n<p style=\"text-align: justify\">\n\tAlrededor de 3,6 millones de alumnos, es decir, el 63% de los alumnos de centros escolares de Espa&ntilde;a, reciben ense&ntilde;anza religiosa cat&oacute;lica.<\/p>\n<p style=\"text-align: justify\">\n\tTambi&eacute;n te puede interesar:<\/p>\n<p style=\"text-align: justify\">\n\t\tAumentan alumnos de Religi&oacute;n en centros p&uacute;blicos de Espa&ntilde;a https:\/\/t.co\/pWBLqZMW31<\/p>\n<p>\t&mdash; ACI Prensa (@aciprensa) 13 de abril de 2016<\/p>\n","protected":false},"excerpt":{"rendered":"<p>MADRID, 28 Mar. 17 (ACI).- Mons. C&eacute;sar Franco, Presidente de la Comisi&oacute;n de Ense&ntilde;anza y Catequesis de la Conferencia Episcopal Espa&ntilde;ola (CEE), present&oacute; la campa&ntilde;a &ldquo;Me apunto a Religi&oacute;n&rdquo; para animar a los padres a reclamar el derecho de que sus hijos sean educados seg&uacute;n sus convicciones de fe. Mons. Franco insisti&oacute; en que es &hellip; <a href=\"https:\/\/www.biblia.work\/noticias\/obispos-espanoles-lanzan-campana-para-promover-asignatura-de-religion\/\" class=\"more-link\">Continuar leyendo<span class=\"screen-reader-text\"> \u00abObispos espa\u00f1oles lanzan campa\u00f1a para promover asignatura de Religi\u00f3n\u00bb<\/span><\/a><\/p>\n","protected":false},"author":1,"featured_media":0,"comment_status":"open","ping_status":"closed","sticky":false,"template":"","format":"standard","meta":{"footnotes":""},"categories":[1],"tags":[],"class_list":["post-13193","post","type-post","status-publish","format-standard","hentry","category-general"],"_links":{"self":[{"href":"https:\/\/www.biblia.work\/noticias\/wp-json\/wp\/v2\/posts\/13193","targetHints":{"allow":["GET"]}}],"collection":[{"href":"https:\/\/www.biblia.work\/noticias\/wp-json\/wp\/v2\/posts"}],"about":[{"href":"https:\/\/www.biblia.work\/noticias\/wp-json\/wp\/v2\/types\/post"}],"author":[{"embeddable":true,"href":"https:\/\/www.biblia.work\/noticias\/wp-json\/wp\/v2\/users\/1"}],"replies":[{"embeddable":true,"href":"https:\/\/www.biblia.work\/noticias\/wp-json\/wp\/v2\/comments?post=13193"}],"version-history":[{"count":0,"href":"https:\/\/www.biblia.work\/noticias\/wp-json\/wp\/v2\/posts\/13193\/revisions"}],"wp:attachment":[{"href":"https:\/\/www.biblia.work\/noticias\/wp-json\/wp\/v2\/media?parent=13193"}],"wp:term":[{"taxonomy":"category","embeddable":true,"href":"https:\/\/www.biblia.work\/noticias\/wp-json\/wp\/v2\/categories?post=13193"},{"taxonomy":"post_tag","embeddable":true,"href":"https:\/\/www.biblia.work\/noticias\/wp-json\/wp\/v2\/tags?post=13193"}],"curies":[{"name":"wp","href":"https:\/\/api.w.org\/{rel}","templated":true}]}}