{"id":13196,"date":"2017-03-28T17:05:02","date_gmt":"2017-03-28T22:05:02","guid":{"rendered":"http:\/\/www.biblia.work\/noticias\/jesus-fue-un-embrion-en-el-seno-de-maria-dice-obispo-ante-proyecto-de-aborto-en-bolivia\/"},"modified":"2017-03-28T17:05:02","modified_gmt":"2017-03-28T22:05:02","slug":"jesus-fue-un-embrion-en-el-seno-de-maria-dice-obispo-ante-proyecto-de-aborto-en-bolivia","status":"publish","type":"post","link":"https:\/\/www.biblia.work\/noticias\/jesus-fue-un-embrion-en-el-seno-de-maria-dice-obispo-ante-proyecto-de-aborto-en-bolivia\/","title":{"rendered":"Jes\u00fas fue un embri\u00f3n en el seno de Mar\u00eda, dice Obispo ante proyecto de aborto en Bolivia"},"content":{"rendered":"<p> LA PAZ, 28 Mar. 17 (ACI).-<br \/>\n\t&ldquo;Jes&uacute;s comenz&oacute; siendo un embri&oacute;n que se desarrollaba en el seno de la Virgen Mar&iacute;a&rdquo;, expres&oacute; el Obispo de Oruro en Bolivia, Mons. Crist&oacute;bal Bialasik, con motivo de la Solemnidad de la Anunciaci&oacute;n y cuando en el pa&iacute;s algunos grupos intentan aprobar una ley del aborto.<\/p>\n<p style=\"text-align: justify\">\n\tEn su homil&iacute;a, Mons. Bialasik expres&oacute; que gracias al s&iacute; de Mar&iacute;a &ldquo;Dios comenz&oacute; a habitar entre nosotros&rdquo; y al convertirse en &ldquo;Madre de Cristo se hace la guardiana por excelencia de la vida en plenitud&rdquo;.<\/p>\n<p style=\"text-align: justify\">\n\t&ldquo;En el mundo as&iacute; tambi&eacute;n en nuestra patria vivimos una tragedia de la cultura actual de un lado tan sensible para la defensa de los derechos&nbsp; humanos y de otro lado est&aacute; ignorando y negando el primer y fundamental de ellos, el derecho a la vida&rdquo;.<\/p>\n<p style=\"text-align: justify\">\n\tEn el Santuario del Socav&oacute;n, el Prelado se refiri&oacute; al proyecto para modificar el C&oacute;digo del Sistema Penal, presentado en la Asamblea Legislativa Plurinacional, que busca despenalizar el aborto en Bolivia en el pa&iacute;s.<\/p>\n<p style=\"text-align: justify\">\n\tEl proyecto plantea la posibilidad de abortar hasta las ocho semanas de embarazo para las mujeres pobres y las estudiantes, si declaran no tener recursos suficientes, est&aacute;n en situaci&oacute;n de calle, viven en pobreza extrema, o si tienen m&aacute;s de tres hijos, entre otros.<\/p>\n<p style=\"text-align: justify\">\n\tMons. Bialasik advirti&oacute; que el proyecto de ley es un &ldquo;enga&ntilde;o y mentira&rdquo; cuando se presenta como una &ldquo;soluci&oacute;n a los problemas sociales&rdquo; ya que &ldquo;matando a los ni&ntilde;os no disminuiremos la pobreza, sino aumentaremos la m&aacute;s peligrosa y triste pobreza espiritual&rdquo;.<\/p>\n<p style=\"text-align: justify\">\n\tEl aborto, continu&oacute; el Obispo, &ldquo;es un atentado a nuestra naci&oacute;n, es una violaci&oacute;n grave y menospreciable, es homicidio, es una tortura realizada en una persona, un sufrimiento cruel realizado en un inocente, es degradante y humillante&rdquo;.<\/p>\n<p style=\"text-align: justify\">\n\t&ldquo;El no al aborto de los cristianos es un s&iacute; a la dignidad de todo el pueblo: var&oacute;n y mujer. No nos quedemos en el lamento y la denuncia sino compromet&aacute;monos como naci&oacute;n a ayudar a las mujeres en riesgo de abortar&rdquo;, areng&oacute;.<\/p>\n<p style=\"text-align: justify\">\n\tMons. Bialasik alent&oacute; a buscar pol&iacute;ticas que ayuden y protejan la vida desde la concepci&oacute;n y en especial a las familias m&aacute;s numerosas.<\/p>\n<p style=\"text-align: justify\">\n\t&ldquo;Queridos hermanos y queridas hermanas, en este tiempo de cuaresma escuchen y abran los ojos, tomen la decisi&oacute;n fiel, elijan la vida, elijan la bendici&oacute;n de Dios, elijan el camino de verdad para que vivas t&uacute; y tu descendencia&rdquo;, concluy&oacute;.<\/p>\n<p style=\"text-align: justify\">\n\tTambi&eacute;n te puede interesar:<\/p>\n<p style=\"text-align: justify\">\n\t&nbsp;<\/p>\n<p style=\"text-align: justify\">\n\t\tColegio M&eacute;dico de Bolivia se opone a legalizar &ldquo;aborto por pobreza&rdquo; https:\/\/t.co\/OgpYxz5RMC<\/p>\n<p>\t&mdash; ACI Prensa (@aciprensa) 19 de marzo de 2017<\/p>\n<p style=\"text-align: justify\">\n\t&nbsp;<\/p>\n<p style=\"text-align: justify\">\n\t&nbsp;<\/p>\n","protected":false},"excerpt":{"rendered":"<p>LA PAZ, 28 Mar. 17 (ACI).- &ldquo;Jes&uacute;s comenz&oacute; siendo un embri&oacute;n que se desarrollaba en el seno de la Virgen Mar&iacute;a&rdquo;, expres&oacute; el Obispo de Oruro en Bolivia, Mons. Crist&oacute;bal Bialasik, con motivo de la Solemnidad de la Anunciaci&oacute;n y cuando en el pa&iacute;s algunos grupos intentan aprobar una ley del aborto. En su homil&iacute;a, &hellip; <a href=\"https:\/\/www.biblia.work\/noticias\/jesus-fue-un-embrion-en-el-seno-de-maria-dice-obispo-ante-proyecto-de-aborto-en-bolivia\/\" class=\"more-link\">Continuar leyendo<span class=\"screen-reader-text\"> \u00abJes\u00fas fue un embri\u00f3n en el seno de Mar\u00eda, dice Obispo ante proyecto de aborto en Bolivia\u00bb<\/span><\/a><\/p>\n","protected":false},"author":1,"featured_media":0,"comment_status":"open","ping_status":"closed","sticky":false,"template":"","format":"standard","meta":{"footnotes":""},"categories":[1],"tags":[],"class_list":["post-13196","post","type-post","status-publish","format-standard","hentry","category-general"],"_links":{"self":[{"href":"https:\/\/www.biblia.work\/noticias\/wp-json\/wp\/v2\/posts\/13196","targetHints":{"allow":["GET"]}}],"collection":[{"href":"https:\/\/www.biblia.work\/noticias\/wp-json\/wp\/v2\/posts"}],"about":[{"href":"https:\/\/www.biblia.work\/noticias\/wp-json\/wp\/v2\/types\/post"}],"author":[{"embeddable":true,"href":"https:\/\/www.biblia.work\/noticias\/wp-json\/wp\/v2\/users\/1"}],"replies":[{"embeddable":true,"href":"https:\/\/www.biblia.work\/noticias\/wp-json\/wp\/v2\/comments?post=13196"}],"version-history":[{"count":0,"href":"https:\/\/www.biblia.work\/noticias\/wp-json\/wp\/v2\/posts\/13196\/revisions"}],"wp:attachment":[{"href":"https:\/\/www.biblia.work\/noticias\/wp-json\/wp\/v2\/media?parent=13196"}],"wp:term":[{"taxonomy":"category","embeddable":true,"href":"https:\/\/www.biblia.work\/noticias\/wp-json\/wp\/v2\/categories?post=13196"},{"taxonomy":"post_tag","embeddable":true,"href":"https:\/\/www.biblia.work\/noticias\/wp-json\/wp\/v2\/tags?post=13196"}],"curies":[{"name":"wp","href":"https:\/\/api.w.org\/{rel}","templated":true}]}}